{"id":3670,"date":"2015-12-28T20:40:31","date_gmt":"2015-12-28T20:40:31","guid":{"rendered":"https:\/\/pt.vortal.biz\/?p=3670"},"modified":"2021-01-30T20:41:57","modified_gmt":"2021-01-30T20:41:57","slug":"vortal-presenta-en-barcelona-la-nueva-version-de-su-plataforma-de-licitacion-electronica","status":"publish","type":"post","link":"https:\/\/www.vortal.biz\/es\/vortal-presenta-en-barcelona-la-nueva-version-de-su-plataforma-de-licitacion-electronica\/","title":{"rendered":"VORTAL presenta en Barcelona la nueva versi\u00f3n de su plataforma de licitaci\u00f3n electr\u00f3nica"},"content":{"rendered":"<p>VORTAL ha participado como co-patrocinador en el evento SmartCity Expo World Congress de Barcelona, celebrado entre los d\u00edas 18 y 20 de noviembre.<\/p>\n<p>Durante el evento hemos presentado la nueva versi\u00f3n de nuestra plataforma de licitaci\u00f3n electr\u00f3nica VORTALnext 2.0. Esta nueva versi\u00f3n se centra principalmente en mejoras aplicadas al campo de la usabilidad, y es el resultado de la recogida de innumerables sugerencias aportadas por nuestros clientes en todos los pa\u00edses en donde la compa\u00f1\u00eda est\u00e1 presente. El objetivo principal de estas mejoras ha sido mejorar la experiencia r\u00e1pida, intuitiva y eficaz en el uso diario de la plataforma.<\/p>\n<p>Durante los tres d\u00edas del evento tambi\u00e9n hemos hecho hincapi\u00e9 en como la implantaci\u00f3n de soluciones de licitaci\u00f3n electr\u00f3nica es un factor fundamental para seguir acercando la Administraci\u00f3n P\u00fablica a ciudadanos y empresas. Seg\u00fan Jo\u00e3o Pereira, Director General para Espa\u00f1a y Latinoam\u00e9rica, \u201cla licitaci\u00f3n electr\u00f3nica estimula la digitalizaci\u00f3n de las empresas en las ciudades y regiones. En Espa\u00f1a hay muy buenos ejemplos de ciudades que han apostado fuerte por la implantaci\u00f3n de la SmartCity, sobre todo en lo que se refiere a los ciudadanos. Ahora le toca el turno a las empresas, y la implantaci\u00f3n de la licitaci\u00f3n electr\u00f3nica es sin duda un paso importante para contribuir a crear negocios inteligentes. A d\u00eda de hoy ciudades como Gij\u00f3n, Terrasa, Gav\u00e1, Alzira o M\u00e1laga ya se han dado cuenta y han apostatado fuerte por implantar este tipo de tecnolog\u00eda.\u201d<\/p>\n<p>Ahorro y transparencia en la contrataci\u00f3n<strong><\/p>\n<p>Recientes estudios europeos han demostrado c\u00f3mo la licitaci\u00f3n electr\u00f3nica est\u00e1 permitiendo que administraciones de pa\u00edses vecinos reduzcan significativamente sus costes de contrataci\u00f3n. El Libro Verde la Uni\u00f3n Europea sobre licitaci\u00f3n electr\u00f3nica, da buena cuenta de ello y destaca los ejemplos de Portugal, Noruega o Italia, que han conseguido ahorros de entre el 5 y 20% aplicando esta tecnolog\u00eda. Asimismo, en dicho documento se afirma que la generalizaci\u00f3n de la licitaci\u00f3n electr\u00f3nica llevar\u00eda aparejadas una mayor accesibilidad y transparencia en los concursos p\u00fablicos, una reducci\u00f3n significativa de costes de licitaci\u00f3n y costes administrativos, y la reducci\u00f3n del tiempo en los procesos de licitaci\u00f3n.<\/p>\n<p>Por todo lo anterior, la nuevas Directivas europeas sobre contrataci\u00f3n p\u00fablica obligan a todas las Administraciones P\u00fablicas europeas a implantar una soluci\u00f3n de licitaci\u00f3n electr\u00f3nica hasta 2016.<\/p>\n","protected":false},"excerpt":{"rendered":"<p>VORTAL ha participado como co-patrocinador en el evento SmartCity Expo World Congress de Barcelona, celebrado entre los d\u00edas 18 y 20 de noviembre. Durante el [&hellip;]<\/p>\n","protected":false},"author":5639,"featured_media":0,"comment_status":"open","ping_status":"open","sticky":false,"template":"","format":"standard","meta":{"footnotes":""},"categories":[7],"tags":[],"yoast_head":"<!-- This site is optimized with the Yoast SEO plugin v22.3 - https:\/\/yoast.com\/wordpress\/plugins\/seo\/ -->\n<title>VORTAL presenta en Barcelona la nueva versi\u00f3n de su plataforma de licitaci\u00f3n electr\u00f3nica - VORTAL<\/title>\n<meta name=\"robots\" content=\"index, follow, max-snippet:-1, max-image-preview:large, max-video-preview:-1\" \/>\n<link rel=\"canonical\" href=\"https:\/\/www.vortal.biz\/es\/vortal-presenta-en-barcelona-la-nueva-version-de-su-plataforma-de-licitacion-electronica\/\" \/>\n<meta property=\"og:locale\" content=\"es_ES\" \/>\n<meta property=\"og:type\" content=\"article\" \/>\n<meta property=\"og:title\" content=\"VORTAL presenta en Barcelona la nueva versi\u00f3n de su plataforma de licitaci\u00f3n electr\u00f3nica - VORTAL\" \/>\n<meta property=\"og:description\" content=\"VORTAL ha participado como co-patrocinador en el evento SmartCity Expo World Congress de Barcelona, celebrado entre los d\u00edas 18 y 20 de noviembre. Durante el [&hellip;]\" \/>\n<meta property=\"og:url\" content=\"https:\/\/www.vortal.biz\/es\/vortal-presenta-en-barcelona-la-nueva-version-de-su-plataforma-de-licitacion-electronica\/\" \/>\n<meta property=\"og:site_name\" content=\"VORTAL\" \/>\n<meta property=\"article:published_time\" content=\"2015-12-28T20:40:31+00:00\" \/>\n<meta property=\"article:modified_time\" content=\"2021-01-30T20:41:57+00:00\" \/>\n<meta name=\"author\" content=\"Helida Oliveira\" \/>\n<meta name=\"twitter:card\" content=\"summary_large_image\" \/>\n<meta name=\"twitter:label1\" content=\"Escrito por\" \/>\n\t<meta name=\"twitter:data1\" content=\"Helida Oliveira\" \/>\n\t<meta name=\"twitter:label2\" content=\"Tiempo de lectura\" \/>\n\t<meta name=\"twitter:data2\" content=\"2 minutos\" \/>\n<script type=\"application\/ld+json\" class=\"yoast-schema-graph\">{\"@context\":\"https:\/\/schema.org\",\"@graph\":[{\"@type\":\"WebPage\",\"@id\":\"https:\/\/www.vortal.biz\/es\/vortal-presenta-en-barcelona-la-nueva-version-de-su-plataforma-de-licitacion-electronica\/\",\"url\":\"https:\/\/www.vortal.biz\/es\/vortal-presenta-en-barcelona-la-nueva-version-de-su-plataforma-de-licitacion-electronica\/\",\"name\":\"VORTAL presenta en Barcelona la nueva versi\u00f3n de su plataforma de licitaci\u00f3n electr\u00f3nica - VORTAL\",\"isPartOf\":{\"@id\":\"https:\/\/www.vortal.biz\/pt-pt\/#website\"},\"datePublished\":\"2015-12-28T20:40:31+00:00\",\"dateModified\":\"2021-01-30T20:41:57+00:00\",\"author\":{\"@id\":\"https:\/\/www.vortal.biz\/pt-pt\/#\/schema\/person\/de007f49a9003cc0fec169585b65ddb2\"},\"breadcrumb\":{\"@id\":\"https:\/\/www.vortal.biz\/es\/vortal-presenta-en-barcelona-la-nueva-version-de-su-plataforma-de-licitacion-electronica\/#breadcrumb\"},\"inLanguage\":\"es\",\"potentialAction\":[{\"@type\":\"ReadAction\",\"target\":[\"https:\/\/www.vortal.biz\/es\/vortal-presenta-en-barcelona-la-nueva-version-de-su-plataforma-de-licitacion-electronica\/\"]}]},{\"@type\":\"BreadcrumbList\",\"@id\":\"https:\/\/www.vortal.biz\/es\/vortal-presenta-en-barcelona-la-nueva-version-de-su-plataforma-de-licitacion-electronica\/#breadcrumb\",\"itemListElement\":[{\"@type\":\"ListItem\",\"position\":1,\"name\":\"Home\",\"item\":\"https:\/\/www.vortal.biz\/es\/\"},{\"@type\":\"ListItem\",\"position\":2,\"name\":\"VORTAL presenta en Barcelona la nueva versi\u00f3n de su plataforma de licitaci\u00f3n electr\u00f3nica\"}]},{\"@type\":\"WebSite\",\"@id\":\"https:\/\/www.vortal.biz\/pt-pt\/#website\",\"url\":\"https:\/\/www.vortal.biz\/pt-pt\/\",\"name\":\"VORTAL\",\"description\":\"Connecting Business\",\"potentialAction\":[{\"@type\":\"SearchAction\",\"target\":{\"@type\":\"EntryPoint\",\"urlTemplate\":\"https:\/\/www.vortal.biz\/pt-pt\/?s={search_term_string}\"},\"query-input\":\"required name=search_term_string\"}],\"inLanguage\":\"es\"},{\"@type\":\"Person\",\"@id\":\"https:\/\/www.vortal.biz\/pt-pt\/#\/schema\/person\/de007f49a9003cc0fec169585b65ddb2\",\"name\":\"Helida Oliveira\",\"image\":{\"@type\":\"ImageObject\",\"inLanguage\":\"es\",\"@id\":\"https:\/\/www.vortal.biz\/pt-pt\/#\/schema\/person\/image\/\",\"url\":\"https:\/\/secure.gravatar.com\/avatar\/2485383d4ceb69bbd668ac515d6bdb03?s=96&d=mm&r=g\",\"contentUrl\":\"https:\/\/secure.gravatar.com\/avatar\/2485383d4ceb69bbd668ac515d6bdb03?s=96&d=mm&r=g\",\"caption\":\"Helida Oliveira\"},\"url\":\"https:\/\/www.vortal.biz\/es\/author\/helida-oliveira\/\"}]}<\/script>\n<!-- \/ Yoast SEO plugin. -->","yoast_head_json":{"title":"VORTAL presenta en Barcelona la nueva versi\u00f3n de su plataforma de licitaci\u00f3n electr\u00f3nica - VORTAL","robots":{"index":"index","follow":"follow","max-snippet":"max-snippet:-1","max-image-preview":"max-image-preview:large","max-video-preview":"max-video-preview:-1"},"canonical":"https:\/\/www.vortal.biz\/es\/vortal-presenta-en-barcelona-la-nueva-version-de-su-plataforma-de-licitacion-electronica\/","og_locale":"es_ES","og_type":"article","og_title":"VORTAL presenta en Barcelona la nueva versi\u00f3n de su plataforma de licitaci\u00f3n electr\u00f3nica - VORTAL","og_description":"VORTAL ha participado como co-patrocinador en el evento SmartCity Expo World Congress de Barcelona, celebrado entre los d\u00edas 18 y 20 de noviembre. Durante el [&hellip;]","og_url":"https:\/\/www.vortal.biz\/es\/vortal-presenta-en-barcelona-la-nueva-version-de-su-plataforma-de-licitacion-electronica\/","og_site_name":"VORTAL","article_published_time":"2015-12-28T20:40:31+00:00","article_modified_time":"2021-01-30T20:41:57+00:00","author":"Helida Oliveira","twitter_card":"summary_large_image","twitter_misc":{"Escrito por":"Helida Oliveira","Tiempo de lectura":"2 minutos"},"schema":{"@context":"https:\/\/schema.org","@graph":[{"@type":"WebPage","@id":"https:\/\/www.vortal.biz\/es\/vortal-presenta-en-barcelona-la-nueva-version-de-su-plataforma-de-licitacion-electronica\/","url":"https:\/\/www.vortal.biz\/es\/vortal-presenta-en-barcelona-la-nueva-version-de-su-plataforma-de-licitacion-electronica\/","name":"VORTAL presenta en Barcelona la nueva versi\u00f3n de su plataforma de licitaci\u00f3n electr\u00f3nica - VORTAL","isPartOf":{"@id":"https:\/\/www.vortal.biz\/pt-pt\/#website"},"datePublished":"2015-12-28T20:40:31+00:00","dateModified":"2021-01-30T20:41:57+00:00","author":{"@id":"https:\/\/www.vortal.biz\/pt-pt\/#\/schema\/person\/de007f49a9003cc0fec169585b65ddb2"},"breadcrumb":{"@id":"https:\/\/www.vortal.biz\/es\/vortal-presenta-en-barcelona-la-nueva-version-de-su-plataforma-de-licitacion-electronica\/#breadcrumb"},"inLanguage":"es","potentialAction":[{"@type":"ReadAction","target":["https:\/\/www.vortal.biz\/es\/vortal-presenta-en-barcelona-la-nueva-version-de-su-plataforma-de-licitacion-electronica\/"]}]},{"@type":"BreadcrumbList","@id":"https:\/\/www.vortal.biz\/es\/vortal-presenta-en-barcelona-la-nueva-version-de-su-plataforma-de-licitacion-electronica\/#breadcrumb","itemListElement":[{"@type":"ListItem","position":1,"name":"Home","item":"https:\/\/www.vortal.biz\/es\/"},{"@type":"ListItem","position":2,"name":"VORTAL presenta en Barcelona la nueva versi\u00f3n de su plataforma de licitaci\u00f3n electr\u00f3nica"}]},{"@type":"WebSite","@id":"https:\/\/www.vortal.biz\/pt-pt\/#website","url":"https:\/\/www.vortal.biz\/pt-pt\/","name":"VORTAL","description":"Connecting Business","potentialAction":[{"@type":"SearchAction","target":{"@type":"EntryPoint","urlTemplate":"https:\/\/www.vortal.biz\/pt-pt\/?s={search_term_string}"},"query-input":"required name=search_term_string"}],"inLanguage":"es"},{"@type":"Person","@id":"https:\/\/www.vortal.biz\/pt-pt\/#\/schema\/person\/de007f49a9003cc0fec169585b65ddb2","name":"Helida Oliveira","image":{"@type":"ImageObject","inLanguage":"es","@id":"https:\/\/www.vortal.biz\/pt-pt\/#\/schema\/person\/image\/","url":"https:\/\/secure.gravatar.com\/avatar\/2485383d4ceb69bbd668ac515d6bdb03?s=96&d=mm&r=g","contentUrl":"https:\/\/secure.gravatar.com\/avatar\/2485383d4ceb69bbd668ac515d6bdb03?s=96&d=mm&r=g","caption":"Helida Oliveira"},"url":"https:\/\/www.vortal.biz\/es\/author\/helida-oliveira\/"}]}},"_links":{"self":[{"href":"https:\/\/www.vortal.biz\/es\/wp-json\/wp\/v2\/posts\/3670"}],"collection":[{"href":"https:\/\/www.vortal.biz\/es\/wp-json\/wp\/v2\/posts"}],"about":[{"href":"https:\/\/www.vortal.biz\/es\/wp-json\/wp\/v2\/types\/post"}],"author":[{"embeddable":true,"href":"https:\/\/www.vortal.biz\/es\/wp-json\/wp\/v2\/users\/5639"}],"replies":[{"embeddable":true,"href":"https:\/\/www.vortal.biz\/es\/wp-json\/wp\/v2\/comments?post=3670"}],"version-history":[{"count":0,"href":"https:\/\/www.vortal.biz\/es\/wp-json\/wp\/v2\/posts\/3670\/revisions"}],"wp:attachment":[{"href":"https:\/\/www.vortal.biz\/es\/wp-json\/wp\/v2\/media?parent=3670"}],"wp:term":[{"taxonomy":"category","embeddable":true,"href":"https:\/\/www.vortal.biz\/es\/wp-json\/wp\/v2\/categories?post=3670"},{"taxonomy":"post_tag","embeddable":true,"href":"https:\/\/www.vortal.biz\/es\/wp-json\/wp\/v2\/tags?post=3670"}],"curies":[{"name":"wp","href":"https:\/\/api.w.org\/{rel}","templated":true}]}}