{"id":3668,"date":"2018-04-26T09:36:36","date_gmt":"2018-04-26T09:36:36","guid":{"rendered":"https:\/\/pt.vortal.biz\/?p=3668"},"modified":"2021-01-30T20:39:48","modified_gmt":"2021-01-30T20:39:48","slug":"jornadas-formativas-sobre-la-ley-de-contratos-del-sector-publico-de-la-academia-vortal","status":"publish","type":"post","link":"https:\/\/www.vortal.biz\/es\/jornadas-formativas-sobre-la-ley-de-contratos-del-sector-publico-de-la-academia-vortal\/","title":{"rendered":"Jornadas formativas sobre la Ley de Contratos del Sector P\u00fablico de la Academia VORTAL"},"content":{"rendered":"<p>Los pasados 16 y 17 de abril tuvo lugar en Madrid la jornada formativa sobre la Puesta al d\u00eda pr\u00e1ctica en la nueva Ley 9\/2017, de Contratos del Sector P\u00fablico realizada por la european VORTAL Academy, un proyecto que nace para dar soluci\u00f3n a las demandas de formaci\u00f3n de capital humano en el sector transformaci\u00f3n digital de los procesos de compraventa en los sectores p\u00fablico y privado ante el nuevo marco legislativo.<\/p>\n<p>El curso fue impartido por Jaime Pintos, Consultor en contrataci\u00f3n p\u00fablica. Abogado. Profesor del M\u00e1ster en Derecho de la Contrataci\u00f3n P\u00fablica de la UCLM. Funcionario P\u00fablico en excedencia y Coordinador de la Academia VORTAL junto con Jos\u00e9 Antonio Moreno Molina, Catedr\u00e1tico de Derecho Administrativo de la Universidad de Castilla-La Mancha. Director del M\u00e1ster en Contrataci\u00f3n P\u00fablica de la UCLM y de la Revista Mensual \u201cContrataci\u00f3n Administrativa Pr\u00e1ctica.<\/p>\n<p>Asistieron al curso 20 personas de empresas como Cepsa, la Agencia Espa\u00f1ola de Medicamentos y Productos Sanitarios, Banco de Espa\u00f1a, GE Healthcare Bio-Sciences, Schindler, etc. <\/p>\n<p>El 100% de los asistentes del curso afirmaron que el inter\u00e9s general de los contenidos expuestos es interesante o muy interesante.<\/p>\n<p>Algunos de los testimonios de los alumnos:<\/p>\n<p>\u00abMe han parecido unas jornadas realmente interesantes y muy profesionales. Altamente recomendables. Enhorabuena a los organizadores y a los formadores y ponentes.\u201d<\/p>\n<p>\u201cEl formador y el material excelentes, el contenido muy adecuado.\u201d<\/p>\n<p>\u201cAprovechamiento del curso a nivel general de la NLCSP.\u201d<\/p>\n<p>\u201cMe ha aclarado y fijado en la cabeza muchos conceptos.\u201d<\/p>\n<p>\u201cMuy intensivo, muy did\u00e1ctico y bien aprovechado.\u201d<\/p>\n","protected":false},"excerpt":{"rendered":"<p>Los pasados 16 y 17 de abril tuvo lugar en Madrid la jornada formativa sobre la Puesta al d\u00eda pr\u00e1ctica en la nueva Ley 9\/2017, [&hellip;]<\/p>\n","protected":false},"author":5639,"featured_media":0,"comment_status":"open","ping_status":"open","sticky":false,"template":"","format":"standard","meta":{"footnotes":""},"categories":[7],"tags":[],"yoast_head":"<!-- This site is optimized with the Yoast SEO plugin v22.3 - https:\/\/yoast.com\/wordpress\/plugins\/seo\/ -->\n<title>Jornadas formativas sobre la Ley de Contratos del Sector P\u00fablico de la Academia VORTAL - VORTAL<\/title>\n<meta name=\"robots\" content=\"index, follow, max-snippet:-1, max-image-preview:large, max-video-preview:-1\" \/>\n<link rel=\"canonical\" href=\"https:\/\/www.vortal.biz\/es\/jornadas-formativas-sobre-la-ley-de-contratos-del-sector-publico-de-la-academia-vortal\/\" \/>\n<meta property=\"og:locale\" content=\"es_ES\" \/>\n<meta property=\"og:type\" content=\"article\" \/>\n<meta property=\"og:title\" content=\"Jornadas formativas sobre la Ley de Contratos del Sector P\u00fablico de la Academia VORTAL - VORTAL\" \/>\n<meta property=\"og:description\" content=\"Los pasados 16 y 17 de abril tuvo lugar en Madrid la jornada formativa sobre la Puesta al d\u00eda pr\u00e1ctica en la nueva Ley 9\/2017, [&hellip;]\" \/>\n<meta property=\"og:url\" content=\"https:\/\/www.vortal.biz\/es\/jornadas-formativas-sobre-la-ley-de-contratos-del-sector-publico-de-la-academia-vortal\/\" \/>\n<meta property=\"og:site_name\" content=\"VORTAL\" \/>\n<meta property=\"article:published_time\" content=\"2018-04-26T09:36:36+00:00\" \/>\n<meta property=\"article:modified_time\" content=\"2021-01-30T20:39:48+00:00\" \/>\n<meta name=\"author\" content=\"Helida Oliveira\" \/>\n<meta name=\"twitter:card\" content=\"summary_large_image\" \/>\n<meta name=\"twitter:label1\" content=\"Escrito por\" \/>\n\t<meta name=\"twitter:data1\" content=\"Helida Oliveira\" \/>\n\t<meta name=\"twitter:label2\" content=\"Tiempo de lectura\" \/>\n\t<meta name=\"twitter:data2\" content=\"1 minuto\" \/>\n<script type=\"application\/ld+json\" class=\"yoast-schema-graph\">{\"@context\":\"https:\/\/schema.org\",\"@graph\":[{\"@type\":\"WebPage\",\"@id\":\"https:\/\/www.vortal.biz\/es\/jornadas-formativas-sobre-la-ley-de-contratos-del-sector-publico-de-la-academia-vortal\/\",\"url\":\"https:\/\/www.vortal.biz\/es\/jornadas-formativas-sobre-la-ley-de-contratos-del-sector-publico-de-la-academia-vortal\/\",\"name\":\"Jornadas formativas sobre la Ley de Contratos del Sector P\u00fablico de la Academia VORTAL - VORTAL\",\"isPartOf\":{\"@id\":\"https:\/\/www.vortal.biz\/pt-pt\/#website\"},\"datePublished\":\"2018-04-26T09:36:36+00:00\",\"dateModified\":\"2021-01-30T20:39:48+00:00\",\"author\":{\"@id\":\"https:\/\/www.vortal.biz\/pt-pt\/#\/schema\/person\/de007f49a9003cc0fec169585b65ddb2\"},\"breadcrumb\":{\"@id\":\"https:\/\/www.vortal.biz\/es\/jornadas-formativas-sobre-la-ley-de-contratos-del-sector-publico-de-la-academia-vortal\/#breadcrumb\"},\"inLanguage\":\"es\",\"potentialAction\":[{\"@type\":\"ReadAction\",\"target\":[\"https:\/\/www.vortal.biz\/es\/jornadas-formativas-sobre-la-ley-de-contratos-del-sector-publico-de-la-academia-vortal\/\"]}]},{\"@type\":\"BreadcrumbList\",\"@id\":\"https:\/\/www.vortal.biz\/es\/jornadas-formativas-sobre-la-ley-de-contratos-del-sector-publico-de-la-academia-vortal\/#breadcrumb\",\"itemListElement\":[{\"@type\":\"ListItem\",\"position\":1,\"name\":\"Home\",\"item\":\"https:\/\/www.vortal.biz\/es\/\"},{\"@type\":\"ListItem\",\"position\":2,\"name\":\"Jornadas formativas sobre la Ley de Contratos del Sector P\u00fablico de la Academia VORTAL\"}]},{\"@type\":\"WebSite\",\"@id\":\"https:\/\/www.vortal.biz\/pt-pt\/#website\",\"url\":\"https:\/\/www.vortal.biz\/pt-pt\/\",\"name\":\"VORTAL\",\"description\":\"Connecting Business\",\"potentialAction\":[{\"@type\":\"SearchAction\",\"target\":{\"@type\":\"EntryPoint\",\"urlTemplate\":\"https:\/\/www.vortal.biz\/pt-pt\/?s={search_term_string}\"},\"query-input\":\"required name=search_term_string\"}],\"inLanguage\":\"es\"},{\"@type\":\"Person\",\"@id\":\"https:\/\/www.vortal.biz\/pt-pt\/#\/schema\/person\/de007f49a9003cc0fec169585b65ddb2\",\"name\":\"Helida Oliveira\",\"image\":{\"@type\":\"ImageObject\",\"inLanguage\":\"es\",\"@id\":\"https:\/\/www.vortal.biz\/pt-pt\/#\/schema\/person\/image\/\",\"url\":\"https:\/\/secure.gravatar.com\/avatar\/2485383d4ceb69bbd668ac515d6bdb03?s=96&d=mm&r=g\",\"contentUrl\":\"https:\/\/secure.gravatar.com\/avatar\/2485383d4ceb69bbd668ac515d6bdb03?s=96&d=mm&r=g\",\"caption\":\"Helida Oliveira\"},\"url\":\"https:\/\/www.vortal.biz\/es\/author\/helida-oliveira\/\"}]}<\/script>\n<!-- \/ Yoast SEO plugin. -->","yoast_head_json":{"title":"Jornadas formativas sobre la Ley de Contratos del Sector P\u00fablico de la Academia VORTAL - VORTAL","robots":{"index":"index","follow":"follow","max-snippet":"max-snippet:-1","max-image-preview":"max-image-preview:large","max-video-preview":"max-video-preview:-1"},"canonical":"https:\/\/www.vortal.biz\/es\/jornadas-formativas-sobre-la-ley-de-contratos-del-sector-publico-de-la-academia-vortal\/","og_locale":"es_ES","og_type":"article","og_title":"Jornadas formativas sobre la Ley de Contratos del Sector P\u00fablico de la Academia VORTAL - VORTAL","og_description":"Los pasados 16 y 17 de abril tuvo lugar en Madrid la jornada formativa sobre la Puesta al d\u00eda pr\u00e1ctica en la nueva Ley 9\/2017, [&hellip;]","og_url":"https:\/\/www.vortal.biz\/es\/jornadas-formativas-sobre-la-ley-de-contratos-del-sector-publico-de-la-academia-vortal\/","og_site_name":"VORTAL","article_published_time":"2018-04-26T09:36:36+00:00","article_modified_time":"2021-01-30T20:39:48+00:00","author":"Helida Oliveira","twitter_card":"summary_large_image","twitter_misc":{"Escrito por":"Helida Oliveira","Tiempo de lectura":"1 minuto"},"schema":{"@context":"https:\/\/schema.org","@graph":[{"@type":"WebPage","@id":"https:\/\/www.vortal.biz\/es\/jornadas-formativas-sobre-la-ley-de-contratos-del-sector-publico-de-la-academia-vortal\/","url":"https:\/\/www.vortal.biz\/es\/jornadas-formativas-sobre-la-ley-de-contratos-del-sector-publico-de-la-academia-vortal\/","name":"Jornadas formativas sobre la Ley de Contratos del Sector P\u00fablico de la Academia VORTAL - VORTAL","isPartOf":{"@id":"https:\/\/www.vortal.biz\/pt-pt\/#website"},"datePublished":"2018-04-26T09:36:36+00:00","dateModified":"2021-01-30T20:39:48+00:00","author":{"@id":"https:\/\/www.vortal.biz\/pt-pt\/#\/schema\/person\/de007f49a9003cc0fec169585b65ddb2"},"breadcrumb":{"@id":"https:\/\/www.vortal.biz\/es\/jornadas-formativas-sobre-la-ley-de-contratos-del-sector-publico-de-la-academia-vortal\/#breadcrumb"},"inLanguage":"es","potentialAction":[{"@type":"ReadAction","target":["https:\/\/www.vortal.biz\/es\/jornadas-formativas-sobre-la-ley-de-contratos-del-sector-publico-de-la-academia-vortal\/"]}]},{"@type":"BreadcrumbList","@id":"https:\/\/www.vortal.biz\/es\/jornadas-formativas-sobre-la-ley-de-contratos-del-sector-publico-de-la-academia-vortal\/#breadcrumb","itemListElement":[{"@type":"ListItem","position":1,"name":"Home","item":"https:\/\/www.vortal.biz\/es\/"},{"@type":"ListItem","position":2,"name":"Jornadas formativas sobre la Ley de Contratos del Sector P\u00fablico de la Academia VORTAL"}]},{"@type":"WebSite","@id":"https:\/\/www.vortal.biz\/pt-pt\/#website","url":"https:\/\/www.vortal.biz\/pt-pt\/","name":"VORTAL","description":"Connecting Business","potentialAction":[{"@type":"SearchAction","target":{"@type":"EntryPoint","urlTemplate":"https:\/\/www.vortal.biz\/pt-pt\/?s={search_term_string}"},"query-input":"required name=search_term_string"}],"inLanguage":"es"},{"@type":"Person","@id":"https:\/\/www.vortal.biz\/pt-pt\/#\/schema\/person\/de007f49a9003cc0fec169585b65ddb2","name":"Helida Oliveira","image":{"@type":"ImageObject","inLanguage":"es","@id":"https:\/\/www.vortal.biz\/pt-pt\/#\/schema\/person\/image\/","url":"https:\/\/secure.gravatar.com\/avatar\/2485383d4ceb69bbd668ac515d6bdb03?s=96&d=mm&r=g","contentUrl":"https:\/\/secure.gravatar.com\/avatar\/2485383d4ceb69bbd668ac515d6bdb03?s=96&d=mm&r=g","caption":"Helida Oliveira"},"url":"https:\/\/www.vortal.biz\/es\/author\/helida-oliveira\/"}]}},"_links":{"self":[{"href":"https:\/\/www.vortal.biz\/es\/wp-json\/wp\/v2\/posts\/3668"}],"collection":[{"href":"https:\/\/www.vortal.biz\/es\/wp-json\/wp\/v2\/posts"}],"about":[{"href":"https:\/\/www.vortal.biz\/es\/wp-json\/wp\/v2\/types\/post"}],"author":[{"embeddable":true,"href":"https:\/\/www.vortal.biz\/es\/wp-json\/wp\/v2\/users\/5639"}],"replies":[{"embeddable":true,"href":"https:\/\/www.vortal.biz\/es\/wp-json\/wp\/v2\/comments?post=3668"}],"version-history":[{"count":0,"href":"https:\/\/www.vortal.biz\/es\/wp-json\/wp\/v2\/posts\/3668\/revisions"}],"wp:attachment":[{"href":"https:\/\/www.vortal.biz\/es\/wp-json\/wp\/v2\/media?parent=3668"}],"wp:term":[{"taxonomy":"category","embeddable":true,"href":"https:\/\/www.vortal.biz\/es\/wp-json\/wp\/v2\/categories?post=3668"},{"taxonomy":"post_tag","embeddable":true,"href":"https:\/\/www.vortal.biz\/es\/wp-json\/wp\/v2\/tags?post=3668"}],"curies":[{"name":"wp","href":"https:\/\/api.w.org\/{rel}","templated":true}]}}