{"id":3666,"date":"2019-03-12T20:33:55","date_gmt":"2019-03-12T20:33:55","guid":{"rendered":"https:\/\/pt.vortal.biz\/?p=3666"},"modified":"2021-01-30T20:36:25","modified_gmt":"2021-01-30T20:36:25","slug":"iv-congreso-nacional-de-contratacion-publica-electronica","status":"publish","type":"post","link":"https:\/\/www.vortal.biz\/es\/iv-congreso-nacional-de-contratacion-publica-electronica\/","title":{"rendered":"IV Congreso Nacional de Contrataci\u00f3n P\u00fablica Electr\u00f3nica"},"content":{"rendered":"<p>El IV Congreso Nacional de Contrataci\u00f3n P\u00fablica Electr\u00f3nica se celebrar\u00e1 en Sevilla el 21 de marzo, un a\u00f1o despu\u00e9s de la entrada en vigor de la ley que obliga a contratar electr\u00f3nicamente.<\/p>\n<p>M\u00e1s de 30 expertos de la administraci\u00f3n p\u00fablica participar\u00e1n en 10 mesas de debate, coloquios y conferencias, que se llevar\u00e1n a cabo en FIBES, el Palacio de Congresos de Sevilla;<br \/>\nEl estado actual de la contrataci\u00f3n electr\u00f3nica en Espa\u00f1a un a\u00f1o despu\u00e9s de la entrada en vigor de la nueva LCSP, la innovaci\u00f3n y la profesionalizaci\u00f3n a trav\u00e9s de la mejora de la compra p\u00fablica, o la posici\u00f3n de los Tribunales ante la contrataci\u00f3n electr\u00f3nica, ser\u00e1n algunos de los temas que se traten;<br \/>\nLa contrataci\u00f3n p\u00fablica es de suma importancia ya que representa el 20% del PIB a nivel nacional (alrededor de 200.000 millones \u20ac). El uso de la contrataci\u00f3n p\u00fablica electr\u00f3nica conlleva un ahorro administrativo de hasta un 20%.<\/p>\n<p>En marzo de 2019, se cumple un a\u00f1o desde el momento en que la tramitaci\u00f3n de todos los expedientes de licitaci\u00f3n de los poderes p\u00fablicos pasaba a ser electr\u00f3nica, de forma obligatoria. Por este motivo, es de vital importancia la celebraci\u00f3n del IV Congreso Nacional de Contrataci\u00f3n P\u00fablica Electr\u00f3nica (<a href=\"https:\/\/www.cnce2019.es\/\" rel=\"noopener\" target=\"_blank\">IVCNCE\u201919<\/a>) que tendr\u00e1 lugar en FIBES, el Palacio de Congresos de Sevilla, el pr\u00f3ximo jueves 21 de marzo. Se trata de un evento anual, organizado por eVA, la European Vortal Adademy, y Club de Innovaci\u00f3n, en el que se reunir\u00e1n a m\u00e1s de 30 expertos de la academia y la administraci\u00f3n, y donde tendr\u00e1n lugar 10 mesas de debate, ponencias, coloquios y conferencias.<\/p>\n<p>Pese a que la ley que obliga a la contrataci\u00f3n electr\u00f3nica lleva ya en marcha un a\u00f1o, todav\u00eda queda mucho trabajo por hacer para que haya una implantaci\u00f3n efectiva de la misma, apenas el 52% de los contratos se tramitan por medios electr\u00f3nicos. Por esta raz\u00f3n, este simposio tiene como objetivo subrayar en profundidad, a trav\u00e9s de especialistas en la materia y con ejemplos de diferentes administraciones que ya hacen uso de la contrataci\u00f3n electr\u00f3nica, cu\u00e1les son los pasos que se han dado y cu\u00e1les son las herramientas para enfrentar las exigencias de la nueva Ley de Contratos del Sector P\u00fablico. Por una parte, las administraciones han de implementar los sistemas de licitaci\u00f3n electr\u00f3nica, y por otra, las empresas entender y aprovechar las grandes ventajas que la norma impulsa para ellas, para su competitividad y tambi\u00e9n para la transparencia de los procesos de contrataci\u00f3n.<\/p>\n<p>Las tres primeras ediciones del CNCE (<a href=\"https:\/\/www.cnce2016.es\/\" rel=\"noopener\" target=\"_blank\">CNCE\u201916<\/a>, <a href=\"https:\/\/www.cnce2017.es\/\" rel=\"noopener\" target=\"_blank\">CNCE\u201917<\/a>, <a href=\"https:\/\/www.cnce2018.es\/\" rel=\"noopener\" target=\"_blank\">CNCE\u201918<\/a>), tuvieron un gran \u00e9xito de convocatoria con m\u00e1s de medio millar de asistentes y sirvieron para impulsar la licitaci\u00f3n electr\u00f3nica a la espera de la transposici\u00f3n de la normativa europea. Ahora, un a\u00f1o despu\u00e9s de la entrada en vigor de la nueva Ley de Contratos del Sector P\u00fablico, es momento de ver lo que se ha hecho y trabajar sobre lo que falta por hacer para que la gesti\u00f3n de los expedientes de licitaci\u00f3n en formato papel, las reuniones presenciales, la comparaci\u00f3n de ofertas, las comunicaciones para la resoluci\u00f3n de incidencias, la aportaci\u00f3n de documentaci\u00f3n, la comunicaci\u00f3n de adjudicaciones y muchos aspectos m\u00e1s del, hasta ahora, complejo y tedioso proceso, se realicen \u00edntegramente por medios electr\u00f3nicos.<\/p>\n<p><strong>\u00bfPor qu\u00e9 la contrataci\u00f3n electr\u00f3nica es una garant\u00eda de transparencia y eficiencia?<\/strong><\/p>\n<p>Porque a trav\u00e9s del uso de plataformas electr\u00f3nicas de contrataci\u00f3n, los procesos de adquisici\u00f3n se controlan en todas sus etapas y se puede comprobar el uso de la informaci\u00f3n y los tiempos en todo momento;<br \/>\nPorque se abre la oportunidad a m\u00e1s licitadores de participar con independencia de los criterios de selecci\u00f3n.<\/p>\n<p><strong>\u00bfCu\u00e1les son sus objetivos?<\/strong><\/p>\n<p>Reducir la burocracia y las cargas administrativas, lo que supone un gran ahorro en tiempo y costes;<br \/>\nContribuir a la erradicaci\u00f3n de la corrupci\u00f3n ya que suprime la posibilidad de la contrataci\u00f3n sin publicidad y obliga a la factura electr\u00f3nica. Supone una garant\u00eda ya que incluye una trazabilidad a lo largo de todo el proceso de contrataci\u00f3n que reduce las posibilidades de llevar a cabo malas pr\u00e1cticas.<br \/>\nEntre los ponentes del Congreso, grandes expertos nacionales e internacionales de la contrataci\u00f3n p\u00fablica electr\u00f3nica como Jos\u00e9 Mar\u00eda Gimeno Feli\u00fa, Catedr\u00e1tico de derecho administrativo de la Universidad de Zaragoza y Director del Observatorio de Contrataci\u00f3n P\u00fablica, Jos\u00e9 Luis Ar\u00edstegui, Director General de VORTAL Espa\u00f1a y miembro de la Comisi\u00f3n de la Agenda Digital; Jose\u0301 Antonio Moreno Molina, Codirector Observatorio de Contratacio\u0301n Pu\u0301blica; Luis Valadares, miembro del Grupo de Expertos de Contrataci\u00f3n Electr\u00f3nica de la Comisi\u00f3n Europea; Jaime Pintos Santiago, Director Acad\u00e9mico de la European VORTAL Academy para Espa\u00f1a, Luis Alegre Espert, Director de Sanidad VORTAL o V\u00edctor Almonacid Lamelas Secretario General T\u00e9cnico del Ayuntamiento de San Crist\u00f3bal de La Laguna, entre otros.<\/p>\n<p>El IVCNCE\u00b419 est\u00e1 organizado por eVA, la European VORTAL Academy y Club de Innovaci\u00f3n. Cuenta con el apoyo de la Federaci\u00f3n Espa\u00f1ola de Municipios y Provincias \u2013 FEMP as\u00ed como del Ayuntamiento de Sevilla.<\/p>\n<p>Dicho Congreso se hace posible gracias al apoyo de empresas l\u00edderes en materia de servicios de contrataci\u00f3n y transformaci\u00f3n digital como VORTAL Connecting Business, Berger-Levrault (Absis, Aytos y Tecnogeo), T-Systems, Teresa de Hospitalidad y Microsoft.<\/p>\n","protected":false},"excerpt":{"rendered":"<p>El IV Congreso Nacional de Contrataci\u00f3n P\u00fablica Electr\u00f3nica se celebrar\u00e1 en Sevilla el 21 de marzo, un a\u00f1o despu\u00e9s de la entrada en vigor de [&hellip;]<\/p>\n","protected":false},"author":5639,"featured_media":0,"comment_status":"open","ping_status":"open","sticky":false,"template":"","format":"standard","meta":{"footnotes":""},"categories":[7],"tags":[],"yoast_head":"<!-- This site is optimized with the Yoast SEO plugin v22.3 - https:\/\/yoast.com\/wordpress\/plugins\/seo\/ -->\n<title>IV Congreso Nacional de Contrataci\u00f3n P\u00fablica Electr\u00f3nica - VORTAL<\/title>\n<meta name=\"robots\" content=\"index, follow, max-snippet:-1, max-image-preview:large, max-video-preview:-1\" \/>\n<link rel=\"canonical\" href=\"https:\/\/www.vortal.biz\/es\/iv-congreso-nacional-de-contratacion-publica-electronica\/\" \/>\n<meta property=\"og:locale\" content=\"es_ES\" \/>\n<meta property=\"og:type\" content=\"article\" \/>\n<meta property=\"og:title\" content=\"IV Congreso Nacional de Contrataci\u00f3n P\u00fablica Electr\u00f3nica - VORTAL\" \/>\n<meta property=\"og:description\" content=\"El IV Congreso Nacional de Contrataci\u00f3n P\u00fablica Electr\u00f3nica se celebrar\u00e1 en Sevilla el 21 de marzo, un a\u00f1o despu\u00e9s de la entrada en vigor de [&hellip;]\" \/>\n<meta property=\"og:url\" content=\"https:\/\/www.vortal.biz\/es\/iv-congreso-nacional-de-contratacion-publica-electronica\/\" \/>\n<meta property=\"og:site_name\" content=\"VORTAL\" \/>\n<meta property=\"article:published_time\" content=\"2019-03-12T20:33:55+00:00\" \/>\n<meta property=\"article:modified_time\" content=\"2021-01-30T20:36:25+00:00\" \/>\n<meta name=\"author\" content=\"Helida Oliveira\" \/>\n<meta name=\"twitter:card\" content=\"summary_large_image\" \/>\n<meta name=\"twitter:label1\" content=\"Escrito por\" \/>\n\t<meta name=\"twitter:data1\" content=\"Helida Oliveira\" \/>\n\t<meta name=\"twitter:label2\" content=\"Tiempo de lectura\" \/>\n\t<meta name=\"twitter:data2\" content=\"5 minutos\" \/>\n<script type=\"application\/ld+json\" class=\"yoast-schema-graph\">{\"@context\":\"https:\/\/schema.org\",\"@graph\":[{\"@type\":\"WebPage\",\"@id\":\"https:\/\/www.vortal.biz\/es\/iv-congreso-nacional-de-contratacion-publica-electronica\/\",\"url\":\"https:\/\/www.vortal.biz\/es\/iv-congreso-nacional-de-contratacion-publica-electronica\/\",\"name\":\"IV Congreso Nacional de Contrataci\u00f3n P\u00fablica Electr\u00f3nica - VORTAL\",\"isPartOf\":{\"@id\":\"https:\/\/www.vortal.biz\/pt-pt\/#website\"},\"datePublished\":\"2019-03-12T20:33:55+00:00\",\"dateModified\":\"2021-01-30T20:36:25+00:00\",\"author\":{\"@id\":\"https:\/\/www.vortal.biz\/pt-pt\/#\/schema\/person\/de007f49a9003cc0fec169585b65ddb2\"},\"breadcrumb\":{\"@id\":\"https:\/\/www.vortal.biz\/es\/iv-congreso-nacional-de-contratacion-publica-electronica\/#breadcrumb\"},\"inLanguage\":\"es\",\"potentialAction\":[{\"@type\":\"ReadAction\",\"target\":[\"https:\/\/www.vortal.biz\/es\/iv-congreso-nacional-de-contratacion-publica-electronica\/\"]}]},{\"@type\":\"BreadcrumbList\",\"@id\":\"https:\/\/www.vortal.biz\/es\/iv-congreso-nacional-de-contratacion-publica-electronica\/#breadcrumb\",\"itemListElement\":[{\"@type\":\"ListItem\",\"position\":1,\"name\":\"Home\",\"item\":\"https:\/\/www.vortal.biz\/es\/\"},{\"@type\":\"ListItem\",\"position\":2,\"name\":\"IV Congreso Nacional de Contrataci\u00f3n P\u00fablica Electr\u00f3nica\"}]},{\"@type\":\"WebSite\",\"@id\":\"https:\/\/www.vortal.biz\/pt-pt\/#website\",\"url\":\"https:\/\/www.vortal.biz\/pt-pt\/\",\"name\":\"VORTAL\",\"description\":\"Connecting Business\",\"potentialAction\":[{\"@type\":\"SearchAction\",\"target\":{\"@type\":\"EntryPoint\",\"urlTemplate\":\"https:\/\/www.vortal.biz\/pt-pt\/?s={search_term_string}\"},\"query-input\":\"required name=search_term_string\"}],\"inLanguage\":\"es\"},{\"@type\":\"Person\",\"@id\":\"https:\/\/www.vortal.biz\/pt-pt\/#\/schema\/person\/de007f49a9003cc0fec169585b65ddb2\",\"name\":\"Helida Oliveira\",\"image\":{\"@type\":\"ImageObject\",\"inLanguage\":\"es\",\"@id\":\"https:\/\/www.vortal.biz\/pt-pt\/#\/schema\/person\/image\/\",\"url\":\"https:\/\/secure.gravatar.com\/avatar\/2485383d4ceb69bbd668ac515d6bdb03?s=96&d=mm&r=g\",\"contentUrl\":\"https:\/\/secure.gravatar.com\/avatar\/2485383d4ceb69bbd668ac515d6bdb03?s=96&d=mm&r=g\",\"caption\":\"Helida Oliveira\"},\"url\":\"https:\/\/www.vortal.biz\/es\/author\/helida-oliveira\/\"}]}<\/script>\n<!-- \/ Yoast SEO plugin. -->","yoast_head_json":{"title":"IV Congreso Nacional de Contrataci\u00f3n P\u00fablica Electr\u00f3nica - VORTAL","robots":{"index":"index","follow":"follow","max-snippet":"max-snippet:-1","max-image-preview":"max-image-preview:large","max-video-preview":"max-video-preview:-1"},"canonical":"https:\/\/www.vortal.biz\/es\/iv-congreso-nacional-de-contratacion-publica-electronica\/","og_locale":"es_ES","og_type":"article","og_title":"IV Congreso Nacional de Contrataci\u00f3n P\u00fablica Electr\u00f3nica - VORTAL","og_description":"El IV Congreso Nacional de Contrataci\u00f3n P\u00fablica Electr\u00f3nica se celebrar\u00e1 en Sevilla el 21 de marzo, un a\u00f1o despu\u00e9s de la entrada en vigor de [&hellip;]","og_url":"https:\/\/www.vortal.biz\/es\/iv-congreso-nacional-de-contratacion-publica-electronica\/","og_site_name":"VORTAL","article_published_time":"2019-03-12T20:33:55+00:00","article_modified_time":"2021-01-30T20:36:25+00:00","author":"Helida Oliveira","twitter_card":"summary_large_image","twitter_misc":{"Escrito por":"Helida Oliveira","Tiempo de lectura":"5 minutos"},"schema":{"@context":"https:\/\/schema.org","@graph":[{"@type":"WebPage","@id":"https:\/\/www.vortal.biz\/es\/iv-congreso-nacional-de-contratacion-publica-electronica\/","url":"https:\/\/www.vortal.biz\/es\/iv-congreso-nacional-de-contratacion-publica-electronica\/","name":"IV Congreso Nacional de Contrataci\u00f3n P\u00fablica Electr\u00f3nica - VORTAL","isPartOf":{"@id":"https:\/\/www.vortal.biz\/pt-pt\/#website"},"datePublished":"2019-03-12T20:33:55+00:00","dateModified":"2021-01-30T20:36:25+00:00","author":{"@id":"https:\/\/www.vortal.biz\/pt-pt\/#\/schema\/person\/de007f49a9003cc0fec169585b65ddb2"},"breadcrumb":{"@id":"https:\/\/www.vortal.biz\/es\/iv-congreso-nacional-de-contratacion-publica-electronica\/#breadcrumb"},"inLanguage":"es","potentialAction":[{"@type":"ReadAction","target":["https:\/\/www.vortal.biz\/es\/iv-congreso-nacional-de-contratacion-publica-electronica\/"]}]},{"@type":"BreadcrumbList","@id":"https:\/\/www.vortal.biz\/es\/iv-congreso-nacional-de-contratacion-publica-electronica\/#breadcrumb","itemListElement":[{"@type":"ListItem","position":1,"name":"Home","item":"https:\/\/www.vortal.biz\/es\/"},{"@type":"ListItem","position":2,"name":"IV Congreso Nacional de Contrataci\u00f3n P\u00fablica Electr\u00f3nica"}]},{"@type":"WebSite","@id":"https:\/\/www.vortal.biz\/pt-pt\/#website","url":"https:\/\/www.vortal.biz\/pt-pt\/","name":"VORTAL","description":"Connecting Business","potentialAction":[{"@type":"SearchAction","target":{"@type":"EntryPoint","urlTemplate":"https:\/\/www.vortal.biz\/pt-pt\/?s={search_term_string}"},"query-input":"required name=search_term_string"}],"inLanguage":"es"},{"@type":"Person","@id":"https:\/\/www.vortal.biz\/pt-pt\/#\/schema\/person\/de007f49a9003cc0fec169585b65ddb2","name":"Helida Oliveira","image":{"@type":"ImageObject","inLanguage":"es","@id":"https:\/\/www.vortal.biz\/pt-pt\/#\/schema\/person\/image\/","url":"https:\/\/secure.gravatar.com\/avatar\/2485383d4ceb69bbd668ac515d6bdb03?s=96&d=mm&r=g","contentUrl":"https:\/\/secure.gravatar.com\/avatar\/2485383d4ceb69bbd668ac515d6bdb03?s=96&d=mm&r=g","caption":"Helida Oliveira"},"url":"https:\/\/www.vortal.biz\/es\/author\/helida-oliveira\/"}]}},"_links":{"self":[{"href":"https:\/\/www.vortal.biz\/es\/wp-json\/wp\/v2\/posts\/3666"}],"collection":[{"href":"https:\/\/www.vortal.biz\/es\/wp-json\/wp\/v2\/posts"}],"about":[{"href":"https:\/\/www.vortal.biz\/es\/wp-json\/wp\/v2\/types\/post"}],"author":[{"embeddable":true,"href":"https:\/\/www.vortal.biz\/es\/wp-json\/wp\/v2\/users\/5639"}],"replies":[{"embeddable":true,"href":"https:\/\/www.vortal.biz\/es\/wp-json\/wp\/v2\/comments?post=3666"}],"version-history":[{"count":0,"href":"https:\/\/www.vortal.biz\/es\/wp-json\/wp\/v2\/posts\/3666\/revisions"}],"wp:attachment":[{"href":"https:\/\/www.vortal.biz\/es\/wp-json\/wp\/v2\/media?parent=3666"}],"wp:term":[{"taxonomy":"category","embeddable":true,"href":"https:\/\/www.vortal.biz\/es\/wp-json\/wp\/v2\/categories?post=3666"},{"taxonomy":"post_tag","embeddable":true,"href":"https:\/\/www.vortal.biz\/es\/wp-json\/wp\/v2\/tags?post=3666"}],"curies":[{"name":"wp","href":"https:\/\/api.w.org\/{rel}","templated":true}]}}