{"id":3664,"date":"2019-04-05T20:24:26","date_gmt":"2019-04-05T20:24:26","guid":{"rendered":"https:\/\/pt.vortal.biz\/?p=3664"},"modified":"2021-01-30T20:27:17","modified_gmt":"2021-01-30T20:27:17","slug":"iv-cnce-2019-el-congreso-nacional-de-contratacion-publica-electronica-un-ano-despues-de-la-obligatoriedad-de-contratar-electronicamente","status":"publish","type":"post","link":"https:\/\/www.vortal.biz\/es\/iv-cnce-2019-el-congreso-nacional-de-contratacion-publica-electronica-un-ano-despues-de-la-obligatoriedad-de-contratar-electronicamente\/","title":{"rendered":"IV CNCE 2019: El Congreso Nacional de Contrataci\u00f3n P\u00fablica Electr\u00f3nica, un a\u00f1o despu\u00e9s de la obligatoriedad de contratar electr\u00f3nicamente"},"content":{"rendered":"<p>Todo un \u00e9xito: 400 asistentes, m\u00e1s de 14 paneles con cerca de 40 expertos, networking para el sector p\u00fablico y mucho m\u00e1s.<\/p>\n<p>El IV Congreso Nacional de Contrataci\u00f3n P\u00fablica Electr\u00f3nica (IV CNCE 2019) que se ha celebrado en el Palacio de Congresos FIBES de Sevilla, organizado por eVA, la European VORTAL Academy y Club de Innovaci\u00f3n, ha contado con el apoyo de la Federaci\u00f3n Espa\u00f1ola de Municipios y Provincias \u2013 FEMP as\u00ed como del Ayuntamiento de Sevilla.<\/p>\n<p>En esta 4\u00ba edici\u00f3n, CNCE se ha convertido definitivamente en un congreso referente y plenamente consolidado del que VORTAL es promotor y patrocinador platino desde el primer a\u00f1o. El Congreso reuni\u00f3 en Sevilla a lo largo del jueves 21 de marzo a los expertos m\u00e1s importantes en materia de modernizaci\u00f3n de la Administraci\u00f3n P\u00fablica, justo en el mes en que se cumple un a\u00f1o de la entrada en vigor de la nueva Ley de Contratos del Sector P\u00fablico, que obliga a contratar de forma electr\u00f3nica.<\/p>\n<p>Una jornada interesante e intensa, con casi 40 ponentes, en 14 sesiones entre mesas redondas, ponencias y sesiones pr\u00e1cticas que llenaron el aforo de la Sala It\u00e1lica del Palacio de Congresos, con la intervenci\u00f3n en la sesi\u00f3n inaugural de Carmen Castre\u00f1o Lucas, Primera Teniente de Alcalde-presidenta del Pleno, Delegada de Relaciones Institucionales, Econom\u00eda y Comercio. Intervinieron responsables de contrataci\u00f3n de Comunidades aut\u00f3nomas, representantes de Diputaciones, Ayuntamientos de muy diferentes regiones y tama\u00f1os, hospitales y, expertos de varias universidades espa\u00f1olas y europeas.<\/p>\n<p>Destacamos algunas declaraciones, entre las much\u00edsimas interesantes de la jornada \u201cLa falta de liderazgo y la resistencia al cambio\u201d, han sido las dos grandes razones aducidas por Jos\u00e9 M\u00aa Gimeno Feliu, Catedr\u00e1tico de Derecho Administrativo de la Universidad de Zaragoza y co-director del Observatorio de Contrataci\u00f3n P\u00fablica, para explicar, que todav\u00eda en este momento, ni la mitad de las contrataciones del sector p\u00fablico se hagan de forma electr\u00f3nica.<\/p>\n<p>Jos\u00e9 Antonio Moreno Molina, Catedr\u00e1tico de Derecho Administrativo de la Universidad de Castilla- La Mancha y co-director del Observatorio de Contrataci\u00f3n P\u00fablica, coment\u00f3 que \u201chay problemas estructurales dif\u00edciles de abordar en la organizaci\u00f3n\u201d. Por otra parte, la Uni\u00f3n Europea lanz\u00f3 en 2017 la recomendaci\u00f3n de profesionalizaci\u00f3n en el \u00e1mbito de la contrataci\u00f3n p\u00fablica, \u201cpero luego esto no se traduce ni en los \u00f3rganos de contrataci\u00f3n ni en el sector privado\u201d.<\/p>\n<p>Jos\u00e9 Luis Ar\u00edstegui, miembro de la Comisi\u00f3n de la Agenda Digital, ha asegurado que \u201cno hay medios suficientes para una buena aplicaci\u00f3n de la ley por parte de los \u00f3rganos de contrataci\u00f3n en administraciones p\u00fablicas de mediano y peque\u00f1o tama\u00f1o\u201d. El director general de Vortal Connecting Business en Espa\u00f1a, tambi\u00e9n ha hecho referencia a que \u201cno existe un modelo para la implementaci\u00f3n efectiva de la contrataci\u00f3n p\u00fablica electr\u00f3nica y no se est\u00e1 dotando a los funcionarios de las herramientas necesarias, ni de los medios necesarios para su formaci\u00f3n en la materia\u201d.<\/p>\n<p>A lo largo de la jornada estuvieron presentes en el Palacio de Congresos de Sevilla, numerosos expertos, entre ellos, Luis Valadares, miembro del Grupo de Expertos de Contrataci\u00f3n Electr\u00f3nica de la Comisi\u00f3n Europea; Jaime Pintos, Director Acad\u00e9mico de la European VORTAL Academy para Espa\u00f1a, Luis Alegre Espert, Director de Sanidad VORTAL o V\u00edctor Almonacid Lamelas Secretario General T\u00e9cnico del Ayuntamiento de San Crist\u00f3bal de La Laguna.<\/p>\n<p><a href=\"https:\/\/vimeo.com\/327305467\" rel=\"noopener\" target=\"_blank\">V\u00eddeo Resumen ><\/a><br \/>\n<a href=\"https:\/\/www.academiavortal.es\/cnce-2019\/\" rel=\"noopener\" target=\"_blank\">Fotos y V\u00eddeos ><\/a><\/p>\n","protected":false},"excerpt":{"rendered":"<p>Todo un \u00e9xito: 400 asistentes, m\u00e1s de 14 paneles con cerca de 40 expertos, networking para el sector p\u00fablico y mucho m\u00e1s. El IV Congreso [&hellip;]<\/p>\n","protected":false},"author":5639,"featured_media":0,"comment_status":"open","ping_status":"open","sticky":false,"template":"","format":"standard","meta":{"footnotes":""},"categories":[7],"tags":[],"yoast_head":"<!-- This site is optimized with the Yoast SEO plugin v22.3 - https:\/\/yoast.com\/wordpress\/plugins\/seo\/ -->\n<title>IV CNCE 2019: El Congreso Nacional de Contrataci\u00f3n P\u00fablica Electr\u00f3nica, un a\u00f1o despu\u00e9s de la obligatoriedad de contratar electr\u00f3nicamente - VORTAL<\/title>\n<meta name=\"robots\" content=\"index, follow, max-snippet:-1, max-image-preview:large, max-video-preview:-1\" \/>\n<link rel=\"canonical\" href=\"https:\/\/www.vortal.biz\/es\/iv-cnce-2019-el-congreso-nacional-de-contratacion-publica-electronica-un-ano-despues-de-la-obligatoriedad-de-contratar-electronicamente\/\" \/>\n<meta property=\"og:locale\" content=\"es_ES\" \/>\n<meta property=\"og:type\" content=\"article\" \/>\n<meta property=\"og:title\" content=\"IV CNCE 2019: El Congreso Nacional de Contrataci\u00f3n P\u00fablica Electr\u00f3nica, un a\u00f1o despu\u00e9s de la obligatoriedad de contratar electr\u00f3nicamente - VORTAL\" \/>\n<meta property=\"og:description\" content=\"Todo un \u00e9xito: 400 asistentes, m\u00e1s de 14 paneles con cerca de 40 expertos, networking para el sector p\u00fablico y mucho m\u00e1s. El IV Congreso [&hellip;]\" \/>\n<meta property=\"og:url\" content=\"https:\/\/www.vortal.biz\/es\/iv-cnce-2019-el-congreso-nacional-de-contratacion-publica-electronica-un-ano-despues-de-la-obligatoriedad-de-contratar-electronicamente\/\" \/>\n<meta property=\"og:site_name\" content=\"VORTAL\" \/>\n<meta property=\"article:published_time\" content=\"2019-04-05T20:24:26+00:00\" \/>\n<meta property=\"article:modified_time\" content=\"2021-01-30T20:27:17+00:00\" \/>\n<meta name=\"author\" content=\"Helida Oliveira\" \/>\n<meta name=\"twitter:card\" content=\"summary_large_image\" \/>\n<meta name=\"twitter:label1\" content=\"Escrito por\" \/>\n\t<meta name=\"twitter:data1\" content=\"Helida Oliveira\" \/>\n\t<meta name=\"twitter:label2\" content=\"Tiempo de lectura\" \/>\n\t<meta name=\"twitter:data2\" content=\"3 minutos\" \/>\n<script type=\"application\/ld+json\" class=\"yoast-schema-graph\">{\"@context\":\"https:\/\/schema.org\",\"@graph\":[{\"@type\":\"WebPage\",\"@id\":\"https:\/\/www.vortal.biz\/es\/iv-cnce-2019-el-congreso-nacional-de-contratacion-publica-electronica-un-ano-despues-de-la-obligatoriedad-de-contratar-electronicamente\/\",\"url\":\"https:\/\/www.vortal.biz\/es\/iv-cnce-2019-el-congreso-nacional-de-contratacion-publica-electronica-un-ano-despues-de-la-obligatoriedad-de-contratar-electronicamente\/\",\"name\":\"IV CNCE 2019: El Congreso Nacional de Contrataci\u00f3n P\u00fablica Electr\u00f3nica, un a\u00f1o despu\u00e9s de la obligatoriedad de contratar electr\u00f3nicamente - VORTAL\",\"isPartOf\":{\"@id\":\"https:\/\/www.vortal.biz\/pt-pt\/#website\"},\"datePublished\":\"2019-04-05T20:24:26+00:00\",\"dateModified\":\"2021-01-30T20:27:17+00:00\",\"author\":{\"@id\":\"https:\/\/www.vortal.biz\/pt-pt\/#\/schema\/person\/de007f49a9003cc0fec169585b65ddb2\"},\"breadcrumb\":{\"@id\":\"https:\/\/www.vortal.biz\/es\/iv-cnce-2019-el-congreso-nacional-de-contratacion-publica-electronica-un-ano-despues-de-la-obligatoriedad-de-contratar-electronicamente\/#breadcrumb\"},\"inLanguage\":\"es\",\"potentialAction\":[{\"@type\":\"ReadAction\",\"target\":[\"https:\/\/www.vortal.biz\/es\/iv-cnce-2019-el-congreso-nacional-de-contratacion-publica-electronica-un-ano-despues-de-la-obligatoriedad-de-contratar-electronicamente\/\"]}]},{\"@type\":\"BreadcrumbList\",\"@id\":\"https:\/\/www.vortal.biz\/es\/iv-cnce-2019-el-congreso-nacional-de-contratacion-publica-electronica-un-ano-despues-de-la-obligatoriedad-de-contratar-electronicamente\/#breadcrumb\",\"itemListElement\":[{\"@type\":\"ListItem\",\"position\":1,\"name\":\"Home\",\"item\":\"https:\/\/www.vortal.biz\/es\/\"},{\"@type\":\"ListItem\",\"position\":2,\"name\":\"IV CNCE 2019: El Congreso Nacional de Contrataci\u00f3n P\u00fablica Electr\u00f3nica, un a\u00f1o despu\u00e9s de la obligatoriedad de contratar electr\u00f3nicamente\"}]},{\"@type\":\"WebSite\",\"@id\":\"https:\/\/www.vortal.biz\/pt-pt\/#website\",\"url\":\"https:\/\/www.vortal.biz\/pt-pt\/\",\"name\":\"VORTAL\",\"description\":\"Connecting Business\",\"potentialAction\":[{\"@type\":\"SearchAction\",\"target\":{\"@type\":\"EntryPoint\",\"urlTemplate\":\"https:\/\/www.vortal.biz\/pt-pt\/?s={search_term_string}\"},\"query-input\":\"required name=search_term_string\"}],\"inLanguage\":\"es\"},{\"@type\":\"Person\",\"@id\":\"https:\/\/www.vortal.biz\/pt-pt\/#\/schema\/person\/de007f49a9003cc0fec169585b65ddb2\",\"name\":\"Helida Oliveira\",\"image\":{\"@type\":\"ImageObject\",\"inLanguage\":\"es\",\"@id\":\"https:\/\/www.vortal.biz\/pt-pt\/#\/schema\/person\/image\/\",\"url\":\"https:\/\/secure.gravatar.com\/avatar\/2485383d4ceb69bbd668ac515d6bdb03?s=96&d=mm&r=g\",\"contentUrl\":\"https:\/\/secure.gravatar.com\/avatar\/2485383d4ceb69bbd668ac515d6bdb03?s=96&d=mm&r=g\",\"caption\":\"Helida Oliveira\"},\"url\":\"https:\/\/www.vortal.biz\/es\/author\/helida-oliveira\/\"}]}<\/script>\n<!-- \/ Yoast SEO plugin. -->","yoast_head_json":{"title":"IV CNCE 2019: El Congreso Nacional de Contrataci\u00f3n P\u00fablica Electr\u00f3nica, un a\u00f1o despu\u00e9s de la obligatoriedad de contratar electr\u00f3nicamente - VORTAL","robots":{"index":"index","follow":"follow","max-snippet":"max-snippet:-1","max-image-preview":"max-image-preview:large","max-video-preview":"max-video-preview:-1"},"canonical":"https:\/\/www.vortal.biz\/es\/iv-cnce-2019-el-congreso-nacional-de-contratacion-publica-electronica-un-ano-despues-de-la-obligatoriedad-de-contratar-electronicamente\/","og_locale":"es_ES","og_type":"article","og_title":"IV CNCE 2019: El Congreso Nacional de Contrataci\u00f3n P\u00fablica Electr\u00f3nica, un a\u00f1o despu\u00e9s de la obligatoriedad de contratar electr\u00f3nicamente - VORTAL","og_description":"Todo un \u00e9xito: 400 asistentes, m\u00e1s de 14 paneles con cerca de 40 expertos, networking para el sector p\u00fablico y mucho m\u00e1s. El IV Congreso [&hellip;]","og_url":"https:\/\/www.vortal.biz\/es\/iv-cnce-2019-el-congreso-nacional-de-contratacion-publica-electronica-un-ano-despues-de-la-obligatoriedad-de-contratar-electronicamente\/","og_site_name":"VORTAL","article_published_time":"2019-04-05T20:24:26+00:00","article_modified_time":"2021-01-30T20:27:17+00:00","author":"Helida Oliveira","twitter_card":"summary_large_image","twitter_misc":{"Escrito por":"Helida Oliveira","Tiempo de lectura":"3 minutos"},"schema":{"@context":"https:\/\/schema.org","@graph":[{"@type":"WebPage","@id":"https:\/\/www.vortal.biz\/es\/iv-cnce-2019-el-congreso-nacional-de-contratacion-publica-electronica-un-ano-despues-de-la-obligatoriedad-de-contratar-electronicamente\/","url":"https:\/\/www.vortal.biz\/es\/iv-cnce-2019-el-congreso-nacional-de-contratacion-publica-electronica-un-ano-despues-de-la-obligatoriedad-de-contratar-electronicamente\/","name":"IV CNCE 2019: El Congreso Nacional de Contrataci\u00f3n P\u00fablica Electr\u00f3nica, un a\u00f1o despu\u00e9s de la obligatoriedad de contratar electr\u00f3nicamente - VORTAL","isPartOf":{"@id":"https:\/\/www.vortal.biz\/pt-pt\/#website"},"datePublished":"2019-04-05T20:24:26+00:00","dateModified":"2021-01-30T20:27:17+00:00","author":{"@id":"https:\/\/www.vortal.biz\/pt-pt\/#\/schema\/person\/de007f49a9003cc0fec169585b65ddb2"},"breadcrumb":{"@id":"https:\/\/www.vortal.biz\/es\/iv-cnce-2019-el-congreso-nacional-de-contratacion-publica-electronica-un-ano-despues-de-la-obligatoriedad-de-contratar-electronicamente\/#breadcrumb"},"inLanguage":"es","potentialAction":[{"@type":"ReadAction","target":["https:\/\/www.vortal.biz\/es\/iv-cnce-2019-el-congreso-nacional-de-contratacion-publica-electronica-un-ano-despues-de-la-obligatoriedad-de-contratar-electronicamente\/"]}]},{"@type":"BreadcrumbList","@id":"https:\/\/www.vortal.biz\/es\/iv-cnce-2019-el-congreso-nacional-de-contratacion-publica-electronica-un-ano-despues-de-la-obligatoriedad-de-contratar-electronicamente\/#breadcrumb","itemListElement":[{"@type":"ListItem","position":1,"name":"Home","item":"https:\/\/www.vortal.biz\/es\/"},{"@type":"ListItem","position":2,"name":"IV CNCE 2019: El Congreso Nacional de Contrataci\u00f3n P\u00fablica Electr\u00f3nica, un a\u00f1o despu\u00e9s de la obligatoriedad de contratar electr\u00f3nicamente"}]},{"@type":"WebSite","@id":"https:\/\/www.vortal.biz\/pt-pt\/#website","url":"https:\/\/www.vortal.biz\/pt-pt\/","name":"VORTAL","description":"Connecting Business","potentialAction":[{"@type":"SearchAction","target":{"@type":"EntryPoint","urlTemplate":"https:\/\/www.vortal.biz\/pt-pt\/?s={search_term_string}"},"query-input":"required name=search_term_string"}],"inLanguage":"es"},{"@type":"Person","@id":"https:\/\/www.vortal.biz\/pt-pt\/#\/schema\/person\/de007f49a9003cc0fec169585b65ddb2","name":"Helida Oliveira","image":{"@type":"ImageObject","inLanguage":"es","@id":"https:\/\/www.vortal.biz\/pt-pt\/#\/schema\/person\/image\/","url":"https:\/\/secure.gravatar.com\/avatar\/2485383d4ceb69bbd668ac515d6bdb03?s=96&d=mm&r=g","contentUrl":"https:\/\/secure.gravatar.com\/avatar\/2485383d4ceb69bbd668ac515d6bdb03?s=96&d=mm&r=g","caption":"Helida Oliveira"},"url":"https:\/\/www.vortal.biz\/es\/author\/helida-oliveira\/"}]}},"_links":{"self":[{"href":"https:\/\/www.vortal.biz\/es\/wp-json\/wp\/v2\/posts\/3664"}],"collection":[{"href":"https:\/\/www.vortal.biz\/es\/wp-json\/wp\/v2\/posts"}],"about":[{"href":"https:\/\/www.vortal.biz\/es\/wp-json\/wp\/v2\/types\/post"}],"author":[{"embeddable":true,"href":"https:\/\/www.vortal.biz\/es\/wp-json\/wp\/v2\/users\/5639"}],"replies":[{"embeddable":true,"href":"https:\/\/www.vortal.biz\/es\/wp-json\/wp\/v2\/comments?post=3664"}],"version-history":[{"count":0,"href":"https:\/\/www.vortal.biz\/es\/wp-json\/wp\/v2\/posts\/3664\/revisions"}],"wp:attachment":[{"href":"https:\/\/www.vortal.biz\/es\/wp-json\/wp\/v2\/media?parent=3664"}],"wp:term":[{"taxonomy":"category","embeddable":true,"href":"https:\/\/www.vortal.biz\/es\/wp-json\/wp\/v2\/categories?post=3664"},{"taxonomy":"post_tag","embeddable":true,"href":"https:\/\/www.vortal.biz\/es\/wp-json\/wp\/v2\/tags?post=3664"}],"curies":[{"name":"wp","href":"https:\/\/api.w.org\/{rel}","templated":true}]}}