{"id":3662,"date":"2015-12-28T20:20:34","date_gmt":"2015-12-28T20:20:34","guid":{"rendered":"https:\/\/pt.vortal.biz\/?p=3662"},"modified":"2021-01-30T20:23:41","modified_gmt":"2021-01-30T20:23:41","slug":"contratacion-publica-pensada-para-ciudadanos-y-empresas-en-la-universidad-de-almeria","status":"publish","type":"post","link":"https:\/\/www.vortal.biz\/es\/contratacion-publica-pensada-para-ciudadanos-y-empresas-en-la-universidad-de-almeria\/","title":{"rendered":"Contrataci\u00f3n p\u00fablica pensada para ciudadanos y empresas en la Universidad de Almer\u00eda"},"content":{"rendered":"<p>Dentro del proyecto de Administraci\u00f3n Electr\u00f3nica que viene implement\u00e1ndose en la Universidad de Almer\u00eda durante el quinquenio 2010-2015, el Servicio de Contrataci\u00f3n, Patrimonio y Servicios Comunes, en su momento, le plante\u00f3 a la Gerencia la posibilidad de iniciar la contrataci\u00f3n electr\u00f3nica como una parte m\u00e1s del proyecto general de Administraci\u00f3n Electr\u00f3nica.<\/p>\n<p>La Gerencia aprob\u00f3 la iniciativa y se comenz\u00f3 una b\u00fasqueda de informaci\u00f3n externa para conocer que se hac\u00eda en el resto de Administraciones P\u00fablicas en materia de contrataci\u00f3n electr\u00f3nica. Se obtuvo poca informaci\u00f3n, conocimos el proyecto de e-contrataci\u00f3n del Gobierno de Pa\u00eds Vasco y algunas experiencias puntuales de alguna otra Administraci\u00f3n P\u00fablica.<\/p>\n<p>En la Universidad decidimos, tras la debida aprobaci\u00f3n por parte de la Gerencia, tramitar el expediente de contrataci\u00f3n de forma tradicional (procedimiento abierto forma de adjudicaci\u00f3n subasta) y se realiz\u00f3 la fase de licitaci\u00f3n y adjudicaci\u00f3n del contrato de forma totalmente electr\u00f3nica.<\/p>\n<p>Hab\u00edamos estimado que el coste de electricidad aumentar\u00eda un 9,8% respecto al contrato de 2008. La plataforma nos permiti\u00f3 ahorrar un 11% respecto a este precio estimado. Adem\u00e1s, a nivel administrativo, conseguimos tambi\u00e9n unos ahorros importantes en horas de trabajo y material, principalmente en las notificaciones y aclaraciones.<\/p>\n<p><strong>Objetivos Perseguidos, Estrategias Fijadas Y Resultados Obtenidos<\/strong><\/p>\n<p>Tras la experiencia positiva obtenida en la tramitaci\u00f3n del expediente de suministro de energ\u00eda el\u00e9ctrica, la UAL se plante\u00f3 ir m\u00e1s lejos, por ello la Gerencia de la Universidad de Almer\u00eda desde el Servicio de Contrataci\u00f3n, Patrimonio y Servicios Comunes, de nuevo inicia un proyecto innovador \u201cir hacia la licitaci\u00f3n electr\u00f3nica integral\u201d, todo ello dentro del marco jur\u00eddico Espa\u00f1ol y Europeo.<\/p>\n<p>Entre los objetivos que nos fijamos se encontraba temas tan capitales como la reducci\u00f3n de los costes de contrataci\u00f3n gracias al aumento significativo de la concurrencia, o favorecer el acceso de las peque\u00f1as y medianas empresas a los contratos p\u00fablicos. Adem\u00e1s, la generalizaci\u00f3n de la v\u00eda electr\u00f3nica para todo lo que tenga que ver con la contrataci\u00f3n p\u00fablica reducir\u00eda dr\u00e1sticamente el trabajo administrativo, especialmente en lo referente a la documentaci\u00f3n requerida a las empresas.<\/p>\n<p>Por tanto, la mejora no solo ser\u00e1 interna, a nivel de tramitaci\u00f3n del procedimiento, sino tambi\u00e9n externa, prestando nuestra experiencia a las empresas de forma que \u00e9stas incrementan su competitividad.<\/p>\n<p>La introducci\u00f3n de esta nueva herramienta en la metodolog\u00eda de trabajo en la Universidad y en los proveedores trajo cambios inevitables que tuvimos que explicar y poner en valor. Para garantizar que la puesta en marcha de la licitaci\u00f3n electr\u00f3nica era paulatina y no traum\u00e1tica, tanto en la organizaci\u00f3n como en el exterior, dise\u00f1amos un plan basado en 6 pilares estrat\u00e9gicos:<\/p>\n<p><strong>Pilar 1: Transparencia<\/strong><\/p>\n<p>Partiendo de la publicidad legal de los procedimientos de contrataci\u00f3n establecida en el TRLCSP, el uso de la Plataforma ha permitido garantizar que la publicidad de los procedimientos de contrataci\u00f3n tramitados a trav\u00e9s de ella, se ajusten a las exigencias de la Ley. Adem\u00e1s hemos implantado los avisos de compra programada a fin de adelantar informaci\u00f3n de nuevas compras p\u00fablicas y as\u00ed facilitar a las empresas su participaci\u00f3n. Tras la implantaci\u00f3n de estas actuaciones hemos detectado, a trav\u00e9s de las encuestas de usuarios, que la percepci\u00f3n general de los licitadores con respecto al \u00e1rea de contrataci\u00f3n, con car\u00e1cter general ha mejorado.<\/p>\n<p>Se propone en esta estrategia para valorar su impacto final, la elaboraci\u00f3n de una encuesta dirigida a las empresas licitadoras para recabar datos directamente de los proveedores que han participado en los diferentes procesos.<\/p>\n<p><strong>Pilar 2: Ahorro<\/strong><\/p>\n<p>Se ha obtenido un ahorro medio del 12,46% en todos los procedimientos de contrataci\u00f3n gestionados electr\u00f3nicamente (m\u00e1s de 100 durante el periodo), lo que significa un ahorro de m\u00e1s de 3 millones de euros.<\/p>\n<p>Adem\u00e1s seg\u00fan estudios propios, esto supone un ahorro en papel y copias de cerca de 1600 unidades en cada uno de los procedimientos abiertos, y cerca de 700 en cada uno de los procedimientos negociados. A este ahorro, se debe sumar tanto el ahorro total en las comunicaciones postales que se han reducido a cero.<\/p>\n<p><strong>Pilar 3: Participaci\u00f3n De Las PYMES Y MiPymes<\/strong><\/p>\n<p>Hemos conseguido un porcentaje de participaci\u00f3n de micro y Pymes al proyecto del 83,78 %, muy por encima de la media de participaci\u00f3n tanto a nivel nacional como europeo. Durante el periodo se han presentado 329 ofertas electr\u00f3nica.<\/p>\n<p>Del total de adjudicaciones, m\u00e1s del 85% de ellas han sido conseguidas por empresas que corresponden al perfil PYME o miPYME y en concreto uno de ellos es una empresa Ecuatoriana<\/p>\n<p>En el futuro incrementaremos los contactos con las asociaciones empresariales y c\u00e1maras de comercio, con el fin de fomentar la participaci\u00f3n de sus asociados.<\/p>\n<p><strong>Pilar 4: Acercamiento De La Compra P\u00fablica A Los Ciudadanos<\/strong><\/p>\n<p>Se han creado cuenta en las redes Sociales m\u00e1s importantes, destacando por su actividad y seguidores la cuenta de Twitter @ualcontratacion. Con el fin de promover fundamentalmente el acceso sin coste a la informaci\u00f3n por parte de los licitadores, la Universidad de Almer\u00eda ha difundido por un lado aquellos contenidos cuya publicaci\u00f3n es exigida por la legislaci\u00f3n de contratos, as\u00ed como otros que han aportado un valor a\u00f1adido de transparencia y rendici\u00f3n de cuentas.<\/p>\n<p>Los contenidos en Twitter han llevado a obtener a esta cuenta un incremento desde marzo de 2012 de m\u00e1s de 900 seguidores, con un Resonante y alcance potencial medido sobre 40 usuarios a m\u00e1s de 5 Millones.<\/p>\n<p><strong>Pilar 5.- Adaptaci\u00f3n De La Documentaci\u00f3n Administrativa Al Formato Electr\u00f3nico<\/strong><\/p>\n<p>Se han realizado mediante Adobe Acrobat, formularios en PDF de todos los Anexos que los licitadores pueden rellenar directamente en formato digital y firmarlos, adjunt\u00e1ndolos a su documentaci\u00f3n.<\/p>\n<p>Adem\u00e1s, se han incluido los elementos de identidad institucional de la Universidad de Almer\u00eda, as\u00ed como los correspondientes a los diferentes organismos financiadores, AECID, FEDER, Ministerios y Junta de Andaluc\u00eda.<\/p>\n<p><strong>Pilar 6.- Plan De Formaci\u00f3n A Usuarios<\/strong><\/p>\n<p>Se han realizado una media de 3 intervenciones por cada usuario dado de alta, aunque en algunos casos no ha sido necesaria ninguna intervenci\u00f3n. Estas se han realizado por medio del uso de escritorios remotos (Teamviewer), elementos de configuraci\u00f3n autom\u00e1ticas, repositorios de documentaci\u00f3n, y asistencia in-situ a todos los usuarios que lo han requerido, ha permitido implementar la plataforma de manera fluida y sencilla, sin ninguna incidencia rese\u00f1able.<\/p>\n<p>La empresa VORTAL ha dispuesto de numerosas personas en atenci\u00f3n constante a los licitadores a trav\u00e9s de su Call Center.<\/p>\n<p>Tambi\u00e9n se han elaborado manuales de uso personalizados as\u00ed como video tutoriales de diferentes procesos de la tramitaci\u00f3n.<\/p>\n<p>NOTA: Este texto es un extracto del cap\u00edtulo escrito por la Universidad de Almer\u00eda para el libro Agenda para la Gesti\u00f3n Municipal 2015-2019 que pod\u00e9is adquirir <a href=\"https:\/\/tienda.wolterskluwer.es\/p\/agenda-para-la-gesti%C3%B3n-municipal-2015-2019\" rel=\"noopener\" target=\"_blank\">aqu\u00ed<\/a>.<\/p>\n","protected":false},"excerpt":{"rendered":"<p>Dentro del proyecto de Administraci\u00f3n Electr\u00f3nica que viene implement\u00e1ndose en la Universidad de Almer\u00eda durante el quinquenio 2010-2015, el Servicio de Contrataci\u00f3n, Patrimonio y Servicios [&hellip;]<\/p>\n","protected":false},"author":5639,"featured_media":0,"comment_status":"open","ping_status":"open","sticky":false,"template":"","format":"standard","meta":{"footnotes":""},"categories":[7],"tags":[],"yoast_head":"<!-- This site is optimized with the Yoast SEO plugin v22.3 - https:\/\/yoast.com\/wordpress\/plugins\/seo\/ -->\n<title>Contrataci\u00f3n p\u00fablica pensada para ciudadanos y empresas en la Universidad de Almer\u00eda - VORTAL<\/title>\n<meta name=\"robots\" content=\"index, follow, max-snippet:-1, max-image-preview:large, max-video-preview:-1\" \/>\n<link rel=\"canonical\" href=\"https:\/\/www.vortal.biz\/es\/contratacion-publica-pensada-para-ciudadanos-y-empresas-en-la-universidad-de-almeria\/\" \/>\n<meta property=\"og:locale\" content=\"es_ES\" \/>\n<meta property=\"og:type\" content=\"article\" \/>\n<meta property=\"og:title\" content=\"Contrataci\u00f3n p\u00fablica pensada para ciudadanos y empresas en la Universidad de Almer\u00eda - VORTAL\" \/>\n<meta property=\"og:description\" content=\"Dentro del proyecto de Administraci\u00f3n Electr\u00f3nica que viene implement\u00e1ndose en la Universidad de Almer\u00eda durante el quinquenio 2010-2015, el Servicio de Contrataci\u00f3n, Patrimonio y Servicios [&hellip;]\" \/>\n<meta property=\"og:url\" content=\"https:\/\/www.vortal.biz\/es\/contratacion-publica-pensada-para-ciudadanos-y-empresas-en-la-universidad-de-almeria\/\" \/>\n<meta property=\"og:site_name\" content=\"VORTAL\" \/>\n<meta property=\"article:published_time\" content=\"2015-12-28T20:20:34+00:00\" \/>\n<meta property=\"article:modified_time\" content=\"2021-01-30T20:23:41+00:00\" \/>\n<meta name=\"author\" content=\"Helida Oliveira\" \/>\n<meta name=\"twitter:card\" content=\"summary_large_image\" \/>\n<meta name=\"twitter:label1\" content=\"Escrito por\" \/>\n\t<meta name=\"twitter:data1\" content=\"Helida Oliveira\" \/>\n\t<meta name=\"twitter:label2\" content=\"Tiempo de lectura\" \/>\n\t<meta name=\"twitter:data2\" content=\"6 minutos\" \/>\n<script type=\"application\/ld+json\" class=\"yoast-schema-graph\">{\"@context\":\"https:\/\/schema.org\",\"@graph\":[{\"@type\":\"WebPage\",\"@id\":\"https:\/\/www.vortal.biz\/es\/contratacion-publica-pensada-para-ciudadanos-y-empresas-en-la-universidad-de-almeria\/\",\"url\":\"https:\/\/www.vortal.biz\/es\/contratacion-publica-pensada-para-ciudadanos-y-empresas-en-la-universidad-de-almeria\/\",\"name\":\"Contrataci\u00f3n p\u00fablica pensada para ciudadanos y empresas en la Universidad de Almer\u00eda - VORTAL\",\"isPartOf\":{\"@id\":\"https:\/\/www.vortal.biz\/pt-pt\/#website\"},\"datePublished\":\"2015-12-28T20:20:34+00:00\",\"dateModified\":\"2021-01-30T20:23:41+00:00\",\"author\":{\"@id\":\"https:\/\/www.vortal.biz\/pt-pt\/#\/schema\/person\/de007f49a9003cc0fec169585b65ddb2\"},\"breadcrumb\":{\"@id\":\"https:\/\/www.vortal.biz\/es\/contratacion-publica-pensada-para-ciudadanos-y-empresas-en-la-universidad-de-almeria\/#breadcrumb\"},\"inLanguage\":\"es\",\"potentialAction\":[{\"@type\":\"ReadAction\",\"target\":[\"https:\/\/www.vortal.biz\/es\/contratacion-publica-pensada-para-ciudadanos-y-empresas-en-la-universidad-de-almeria\/\"]}]},{\"@type\":\"BreadcrumbList\",\"@id\":\"https:\/\/www.vortal.biz\/es\/contratacion-publica-pensada-para-ciudadanos-y-empresas-en-la-universidad-de-almeria\/#breadcrumb\",\"itemListElement\":[{\"@type\":\"ListItem\",\"position\":1,\"name\":\"Home\",\"item\":\"https:\/\/www.vortal.biz\/es\/\"},{\"@type\":\"ListItem\",\"position\":2,\"name\":\"Contrataci\u00f3n p\u00fablica pensada para ciudadanos y empresas en la Universidad de Almer\u00eda\"}]},{\"@type\":\"WebSite\",\"@id\":\"https:\/\/www.vortal.biz\/pt-pt\/#website\",\"url\":\"https:\/\/www.vortal.biz\/pt-pt\/\",\"name\":\"VORTAL\",\"description\":\"Connecting Business\",\"potentialAction\":[{\"@type\":\"SearchAction\",\"target\":{\"@type\":\"EntryPoint\",\"urlTemplate\":\"https:\/\/www.vortal.biz\/pt-pt\/?s={search_term_string}\"},\"query-input\":\"required name=search_term_string\"}],\"inLanguage\":\"es\"},{\"@type\":\"Person\",\"@id\":\"https:\/\/www.vortal.biz\/pt-pt\/#\/schema\/person\/de007f49a9003cc0fec169585b65ddb2\",\"name\":\"Helida Oliveira\",\"image\":{\"@type\":\"ImageObject\",\"inLanguage\":\"es\",\"@id\":\"https:\/\/www.vortal.biz\/pt-pt\/#\/schema\/person\/image\/\",\"url\":\"https:\/\/secure.gravatar.com\/avatar\/2485383d4ceb69bbd668ac515d6bdb03?s=96&d=mm&r=g\",\"contentUrl\":\"https:\/\/secure.gravatar.com\/avatar\/2485383d4ceb69bbd668ac515d6bdb03?s=96&d=mm&r=g\",\"caption\":\"Helida Oliveira\"},\"url\":\"https:\/\/www.vortal.biz\/es\/author\/helida-oliveira\/\"}]}<\/script>\n<!-- \/ Yoast SEO plugin. -->","yoast_head_json":{"title":"Contrataci\u00f3n p\u00fablica pensada para ciudadanos y empresas en la Universidad de Almer\u00eda - VORTAL","robots":{"index":"index","follow":"follow","max-snippet":"max-snippet:-1","max-image-preview":"max-image-preview:large","max-video-preview":"max-video-preview:-1"},"canonical":"https:\/\/www.vortal.biz\/es\/contratacion-publica-pensada-para-ciudadanos-y-empresas-en-la-universidad-de-almeria\/","og_locale":"es_ES","og_type":"article","og_title":"Contrataci\u00f3n p\u00fablica pensada para ciudadanos y empresas en la Universidad de Almer\u00eda - VORTAL","og_description":"Dentro del proyecto de Administraci\u00f3n Electr\u00f3nica que viene implement\u00e1ndose en la Universidad de Almer\u00eda durante el quinquenio 2010-2015, el Servicio de Contrataci\u00f3n, Patrimonio y Servicios [&hellip;]","og_url":"https:\/\/www.vortal.biz\/es\/contratacion-publica-pensada-para-ciudadanos-y-empresas-en-la-universidad-de-almeria\/","og_site_name":"VORTAL","article_published_time":"2015-12-28T20:20:34+00:00","article_modified_time":"2021-01-30T20:23:41+00:00","author":"Helida Oliveira","twitter_card":"summary_large_image","twitter_misc":{"Escrito por":"Helida Oliveira","Tiempo de lectura":"6 minutos"},"schema":{"@context":"https:\/\/schema.org","@graph":[{"@type":"WebPage","@id":"https:\/\/www.vortal.biz\/es\/contratacion-publica-pensada-para-ciudadanos-y-empresas-en-la-universidad-de-almeria\/","url":"https:\/\/www.vortal.biz\/es\/contratacion-publica-pensada-para-ciudadanos-y-empresas-en-la-universidad-de-almeria\/","name":"Contrataci\u00f3n p\u00fablica pensada para ciudadanos y empresas en la Universidad de Almer\u00eda - VORTAL","isPartOf":{"@id":"https:\/\/www.vortal.biz\/pt-pt\/#website"},"datePublished":"2015-12-28T20:20:34+00:00","dateModified":"2021-01-30T20:23:41+00:00","author":{"@id":"https:\/\/www.vortal.biz\/pt-pt\/#\/schema\/person\/de007f49a9003cc0fec169585b65ddb2"},"breadcrumb":{"@id":"https:\/\/www.vortal.biz\/es\/contratacion-publica-pensada-para-ciudadanos-y-empresas-en-la-universidad-de-almeria\/#breadcrumb"},"inLanguage":"es","potentialAction":[{"@type":"ReadAction","target":["https:\/\/www.vortal.biz\/es\/contratacion-publica-pensada-para-ciudadanos-y-empresas-en-la-universidad-de-almeria\/"]}]},{"@type":"BreadcrumbList","@id":"https:\/\/www.vortal.biz\/es\/contratacion-publica-pensada-para-ciudadanos-y-empresas-en-la-universidad-de-almeria\/#breadcrumb","itemListElement":[{"@type":"ListItem","position":1,"name":"Home","item":"https:\/\/www.vortal.biz\/es\/"},{"@type":"ListItem","position":2,"name":"Contrataci\u00f3n p\u00fablica pensada para ciudadanos y empresas en la Universidad de Almer\u00eda"}]},{"@type":"WebSite","@id":"https:\/\/www.vortal.biz\/pt-pt\/#website","url":"https:\/\/www.vortal.biz\/pt-pt\/","name":"VORTAL","description":"Connecting Business","potentialAction":[{"@type":"SearchAction","target":{"@type":"EntryPoint","urlTemplate":"https:\/\/www.vortal.biz\/pt-pt\/?s={search_term_string}"},"query-input":"required name=search_term_string"}],"inLanguage":"es"},{"@type":"Person","@id":"https:\/\/www.vortal.biz\/pt-pt\/#\/schema\/person\/de007f49a9003cc0fec169585b65ddb2","name":"Helida Oliveira","image":{"@type":"ImageObject","inLanguage":"es","@id":"https:\/\/www.vortal.biz\/pt-pt\/#\/schema\/person\/image\/","url":"https:\/\/secure.gravatar.com\/avatar\/2485383d4ceb69bbd668ac515d6bdb03?s=96&d=mm&r=g","contentUrl":"https:\/\/secure.gravatar.com\/avatar\/2485383d4ceb69bbd668ac515d6bdb03?s=96&d=mm&r=g","caption":"Helida Oliveira"},"url":"https:\/\/www.vortal.biz\/es\/author\/helida-oliveira\/"}]}},"_links":{"self":[{"href":"https:\/\/www.vortal.biz\/es\/wp-json\/wp\/v2\/posts\/3662"}],"collection":[{"href":"https:\/\/www.vortal.biz\/es\/wp-json\/wp\/v2\/posts"}],"about":[{"href":"https:\/\/www.vortal.biz\/es\/wp-json\/wp\/v2\/types\/post"}],"author":[{"embeddable":true,"href":"https:\/\/www.vortal.biz\/es\/wp-json\/wp\/v2\/users\/5639"}],"replies":[{"embeddable":true,"href":"https:\/\/www.vortal.biz\/es\/wp-json\/wp\/v2\/comments?post=3662"}],"version-history":[{"count":0,"href":"https:\/\/www.vortal.biz\/es\/wp-json\/wp\/v2\/posts\/3662\/revisions"}],"wp:attachment":[{"href":"https:\/\/www.vortal.biz\/es\/wp-json\/wp\/v2\/media?parent=3662"}],"wp:term":[{"taxonomy":"category","embeddable":true,"href":"https:\/\/www.vortal.biz\/es\/wp-json\/wp\/v2\/categories?post=3662"},{"taxonomy":"post_tag","embeddable":true,"href":"https:\/\/www.vortal.biz\/es\/wp-json\/wp\/v2\/tags?post=3662"}],"curies":[{"name":"wp","href":"https:\/\/api.w.org\/{rel}","templated":true}]}}