{"id":3658,"date":"2015-12-15T20:15:21","date_gmt":"2015-12-15T20:15:21","guid":{"rendered":"https:\/\/pt.vortal.biz\/?p=3658"},"modified":"2021-01-30T20:16:17","modified_gmt":"2021-01-30T20:16:17","slug":"exito-de-las-jornadas-de-licitacion-electronica-como-motor-de-modernizacion-administrativa","status":"publish","type":"post","link":"https:\/\/www.vortal.biz\/es\/exito-de-las-jornadas-de-licitacion-electronica-como-motor-de-modernizacion-administrativa\/","title":{"rendered":"\u00c9xito de las jornadas de \u201cLicitaci\u00f3n electr\u00f3nica como motor de modernizaci\u00f3n administrativa\u201d"},"content":{"rendered":"<p>El pasado d\u00eda 20, tuvo lugar la jornada, organizada por la Diputaci\u00f3n de Burgos y Club de Innovaci\u00f3n con la colaboraci\u00f3n de la UNIVERSIDAD DE BURGOS, la ECLAP, la FRMP y el COSITAL de Burgos. La Jornada cont\u00f3 con el patrocinio de VORTAL Connecting Business.<\/p>\n<p>Los m\u00e1s de 80 asistentes que abarrotaron la Sala de Grados de la Facultad de Econ\u00f3micas de la Universidad de Burgos pudieron conocer de primera mano las ventajas de la moderna licitaci\u00f3n tanto desde el punto de vista jur\u00eddico como t\u00e9cnico, analizando las cuestiones m\u00e1s actuales como los servicios en Cloud Computing y los ahorros generados por las plataformas de licitaci\u00f3n concebidas como servicio.<\/p>\n<p>Durante la sesi\u00f3n los abogados especialistas en derecho tecnol\u00f3gico Alonso Hurtado y Carlos Gal\u00e1n explicaron a los asistentes la nueva normativa aplicable a la Ley de Contratos del Sector P\u00fablico y comentaron la importancia de elegir plataformas de licitaci\u00f3n electr\u00f3nica que cumplan con todos los m\u00e1ximos requisitos de seguridad y que est\u00e9n adecuadas a los Esquemas Nacionales de Interoperabilidad (ENI).<\/p>\n<p>Por su parte, el profesor Luis Valadares, Presidente de la Asociaci\u00f3n Portuguesa de los Mercados P\u00fablicos (APMEP) y del Observatorio de Prospectiva de Ingenier\u00eda y Tecnolog\u00eda (OPET) de Portugal y miembro grupo de trabajo PEPPOL EU, explic\u00f3 cu\u00e1les son las l\u00edneas de acci\u00f3n que est\u00e1 desarrollando Europa y desgran\u00f3 el contenido del Libro Verde sobre contrataci\u00f3n electr\u00f3nica recientemente publicado por la Uni\u00f3n Europea.<\/p>\n<p>Pedro Gato, director general de VORTAL, hizo hincapi\u00e9 en el concepto de licitaci\u00f3n electr\u00f3nica como servicio, siendo b\u00e1sico en la implantaci\u00f3n de este tipo de procedimientos. Debido al cambio que supone la implantaci\u00f3n de este tipo de plataformas es necesaria una formaci\u00f3n y asesoramiento constante tanto a las Administraciones P\u00fablicas como a las empresas licitadoras. Este hecho fue corroborado por Siricio Ram\u00edrez, Jefe de Contrataci\u00f3n de la Universidad de Almer\u00eda, que en su primer proceso de compra completamente electr\u00f3nico subray\u00f3 como clave el apoyo que ha recibido de Vortal en todo momento, tanto su entidad como los licitadores a la hora de ofertar.<\/p>\n","protected":false},"excerpt":{"rendered":"<p>El pasado d\u00eda 20, tuvo lugar la jornada, organizada por la Diputaci\u00f3n de Burgos y Club de Innovaci\u00f3n con la colaboraci\u00f3n de la UNIVERSIDAD DE [&hellip;]<\/p>\n","protected":false},"author":5639,"featured_media":0,"comment_status":"open","ping_status":"open","sticky":false,"template":"","format":"standard","meta":{"footnotes":""},"categories":[7],"tags":[],"yoast_head":"<!-- This site is optimized with the Yoast SEO plugin v22.3 - https:\/\/yoast.com\/wordpress\/plugins\/seo\/ -->\n<title>\u00c9xito de las jornadas de \u201cLicitaci\u00f3n electr\u00f3nica como motor de modernizaci\u00f3n administrativa\u201d - VORTAL<\/title>\n<meta name=\"robots\" content=\"index, follow, max-snippet:-1, max-image-preview:large, max-video-preview:-1\" \/>\n<link rel=\"canonical\" href=\"https:\/\/www.vortal.biz\/es\/exito-de-las-jornadas-de-licitacion-electronica-como-motor-de-modernizacion-administrativa\/\" \/>\n<meta property=\"og:locale\" content=\"es_ES\" \/>\n<meta property=\"og:type\" content=\"article\" \/>\n<meta property=\"og:title\" content=\"\u00c9xito de las jornadas de \u201cLicitaci\u00f3n electr\u00f3nica como motor de modernizaci\u00f3n administrativa\u201d - VORTAL\" \/>\n<meta property=\"og:description\" content=\"El pasado d\u00eda 20, tuvo lugar la jornada, organizada por la Diputaci\u00f3n de Burgos y Club de Innovaci\u00f3n con la colaboraci\u00f3n de la UNIVERSIDAD DE [&hellip;]\" \/>\n<meta property=\"og:url\" content=\"https:\/\/www.vortal.biz\/es\/exito-de-las-jornadas-de-licitacion-electronica-como-motor-de-modernizacion-administrativa\/\" \/>\n<meta property=\"og:site_name\" content=\"VORTAL\" \/>\n<meta property=\"article:published_time\" content=\"2015-12-15T20:15:21+00:00\" \/>\n<meta property=\"article:modified_time\" content=\"2021-01-30T20:16:17+00:00\" \/>\n<meta name=\"author\" content=\"Helida Oliveira\" \/>\n<meta name=\"twitter:card\" content=\"summary_large_image\" \/>\n<meta name=\"twitter:label1\" content=\"Escrito por\" \/>\n\t<meta name=\"twitter:data1\" content=\"Helida Oliveira\" \/>\n\t<meta name=\"twitter:label2\" content=\"Tiempo de lectura\" \/>\n\t<meta name=\"twitter:data2\" content=\"2 minutos\" \/>\n<script type=\"application\/ld+json\" class=\"yoast-schema-graph\">{\"@context\":\"https:\/\/schema.org\",\"@graph\":[{\"@type\":\"WebPage\",\"@id\":\"https:\/\/www.vortal.biz\/es\/exito-de-las-jornadas-de-licitacion-electronica-como-motor-de-modernizacion-administrativa\/\",\"url\":\"https:\/\/www.vortal.biz\/es\/exito-de-las-jornadas-de-licitacion-electronica-como-motor-de-modernizacion-administrativa\/\",\"name\":\"\u00c9xito de las jornadas de \u201cLicitaci\u00f3n electr\u00f3nica como motor de modernizaci\u00f3n administrativa\u201d - VORTAL\",\"isPartOf\":{\"@id\":\"https:\/\/www.vortal.biz\/pt-pt\/#website\"},\"datePublished\":\"2015-12-15T20:15:21+00:00\",\"dateModified\":\"2021-01-30T20:16:17+00:00\",\"author\":{\"@id\":\"https:\/\/www.vortal.biz\/pt-pt\/#\/schema\/person\/de007f49a9003cc0fec169585b65ddb2\"},\"breadcrumb\":{\"@id\":\"https:\/\/www.vortal.biz\/es\/exito-de-las-jornadas-de-licitacion-electronica-como-motor-de-modernizacion-administrativa\/#breadcrumb\"},\"inLanguage\":\"es\",\"potentialAction\":[{\"@type\":\"ReadAction\",\"target\":[\"https:\/\/www.vortal.biz\/es\/exito-de-las-jornadas-de-licitacion-electronica-como-motor-de-modernizacion-administrativa\/\"]}]},{\"@type\":\"BreadcrumbList\",\"@id\":\"https:\/\/www.vortal.biz\/es\/exito-de-las-jornadas-de-licitacion-electronica-como-motor-de-modernizacion-administrativa\/#breadcrumb\",\"itemListElement\":[{\"@type\":\"ListItem\",\"position\":1,\"name\":\"Home\",\"item\":\"https:\/\/www.vortal.biz\/es\/\"},{\"@type\":\"ListItem\",\"position\":2,\"name\":\"\u00c9xito de las jornadas de \u201cLicitaci\u00f3n electr\u00f3nica como motor de modernizaci\u00f3n administrativa\u201d\"}]},{\"@type\":\"WebSite\",\"@id\":\"https:\/\/www.vortal.biz\/pt-pt\/#website\",\"url\":\"https:\/\/www.vortal.biz\/pt-pt\/\",\"name\":\"VORTAL\",\"description\":\"Connecting Business\",\"potentialAction\":[{\"@type\":\"SearchAction\",\"target\":{\"@type\":\"EntryPoint\",\"urlTemplate\":\"https:\/\/www.vortal.biz\/pt-pt\/?s={search_term_string}\"},\"query-input\":\"required name=search_term_string\"}],\"inLanguage\":\"es\"},{\"@type\":\"Person\",\"@id\":\"https:\/\/www.vortal.biz\/pt-pt\/#\/schema\/person\/de007f49a9003cc0fec169585b65ddb2\",\"name\":\"Helida Oliveira\",\"image\":{\"@type\":\"ImageObject\",\"inLanguage\":\"es\",\"@id\":\"https:\/\/www.vortal.biz\/pt-pt\/#\/schema\/person\/image\/\",\"url\":\"https:\/\/secure.gravatar.com\/avatar\/2485383d4ceb69bbd668ac515d6bdb03?s=96&d=mm&r=g\",\"contentUrl\":\"https:\/\/secure.gravatar.com\/avatar\/2485383d4ceb69bbd668ac515d6bdb03?s=96&d=mm&r=g\",\"caption\":\"Helida Oliveira\"},\"url\":\"https:\/\/www.vortal.biz\/es\/author\/helida-oliveira\/\"}]}<\/script>\n<!-- \/ Yoast SEO plugin. -->","yoast_head_json":{"title":"\u00c9xito de las jornadas de \u201cLicitaci\u00f3n electr\u00f3nica como motor de modernizaci\u00f3n administrativa\u201d - VORTAL","robots":{"index":"index","follow":"follow","max-snippet":"max-snippet:-1","max-image-preview":"max-image-preview:large","max-video-preview":"max-video-preview:-1"},"canonical":"https:\/\/www.vortal.biz\/es\/exito-de-las-jornadas-de-licitacion-electronica-como-motor-de-modernizacion-administrativa\/","og_locale":"es_ES","og_type":"article","og_title":"\u00c9xito de las jornadas de \u201cLicitaci\u00f3n electr\u00f3nica como motor de modernizaci\u00f3n administrativa\u201d - VORTAL","og_description":"El pasado d\u00eda 20, tuvo lugar la jornada, organizada por la Diputaci\u00f3n de Burgos y Club de Innovaci\u00f3n con la colaboraci\u00f3n de la UNIVERSIDAD DE [&hellip;]","og_url":"https:\/\/www.vortal.biz\/es\/exito-de-las-jornadas-de-licitacion-electronica-como-motor-de-modernizacion-administrativa\/","og_site_name":"VORTAL","article_published_time":"2015-12-15T20:15:21+00:00","article_modified_time":"2021-01-30T20:16:17+00:00","author":"Helida Oliveira","twitter_card":"summary_large_image","twitter_misc":{"Escrito por":"Helida Oliveira","Tiempo de lectura":"2 minutos"},"schema":{"@context":"https:\/\/schema.org","@graph":[{"@type":"WebPage","@id":"https:\/\/www.vortal.biz\/es\/exito-de-las-jornadas-de-licitacion-electronica-como-motor-de-modernizacion-administrativa\/","url":"https:\/\/www.vortal.biz\/es\/exito-de-las-jornadas-de-licitacion-electronica-como-motor-de-modernizacion-administrativa\/","name":"\u00c9xito de las jornadas de \u201cLicitaci\u00f3n electr\u00f3nica como motor de modernizaci\u00f3n administrativa\u201d - VORTAL","isPartOf":{"@id":"https:\/\/www.vortal.biz\/pt-pt\/#website"},"datePublished":"2015-12-15T20:15:21+00:00","dateModified":"2021-01-30T20:16:17+00:00","author":{"@id":"https:\/\/www.vortal.biz\/pt-pt\/#\/schema\/person\/de007f49a9003cc0fec169585b65ddb2"},"breadcrumb":{"@id":"https:\/\/www.vortal.biz\/es\/exito-de-las-jornadas-de-licitacion-electronica-como-motor-de-modernizacion-administrativa\/#breadcrumb"},"inLanguage":"es","potentialAction":[{"@type":"ReadAction","target":["https:\/\/www.vortal.biz\/es\/exito-de-las-jornadas-de-licitacion-electronica-como-motor-de-modernizacion-administrativa\/"]}]},{"@type":"BreadcrumbList","@id":"https:\/\/www.vortal.biz\/es\/exito-de-las-jornadas-de-licitacion-electronica-como-motor-de-modernizacion-administrativa\/#breadcrumb","itemListElement":[{"@type":"ListItem","position":1,"name":"Home","item":"https:\/\/www.vortal.biz\/es\/"},{"@type":"ListItem","position":2,"name":"\u00c9xito de las jornadas de \u201cLicitaci\u00f3n electr\u00f3nica como motor de modernizaci\u00f3n administrativa\u201d"}]},{"@type":"WebSite","@id":"https:\/\/www.vortal.biz\/pt-pt\/#website","url":"https:\/\/www.vortal.biz\/pt-pt\/","name":"VORTAL","description":"Connecting Business","potentialAction":[{"@type":"SearchAction","target":{"@type":"EntryPoint","urlTemplate":"https:\/\/www.vortal.biz\/pt-pt\/?s={search_term_string}"},"query-input":"required name=search_term_string"}],"inLanguage":"es"},{"@type":"Person","@id":"https:\/\/www.vortal.biz\/pt-pt\/#\/schema\/person\/de007f49a9003cc0fec169585b65ddb2","name":"Helida Oliveira","image":{"@type":"ImageObject","inLanguage":"es","@id":"https:\/\/www.vortal.biz\/pt-pt\/#\/schema\/person\/image\/","url":"https:\/\/secure.gravatar.com\/avatar\/2485383d4ceb69bbd668ac515d6bdb03?s=96&d=mm&r=g","contentUrl":"https:\/\/secure.gravatar.com\/avatar\/2485383d4ceb69bbd668ac515d6bdb03?s=96&d=mm&r=g","caption":"Helida Oliveira"},"url":"https:\/\/www.vortal.biz\/es\/author\/helida-oliveira\/"}]}},"_links":{"self":[{"href":"https:\/\/www.vortal.biz\/es\/wp-json\/wp\/v2\/posts\/3658"}],"collection":[{"href":"https:\/\/www.vortal.biz\/es\/wp-json\/wp\/v2\/posts"}],"about":[{"href":"https:\/\/www.vortal.biz\/es\/wp-json\/wp\/v2\/types\/post"}],"author":[{"embeddable":true,"href":"https:\/\/www.vortal.biz\/es\/wp-json\/wp\/v2\/users\/5639"}],"replies":[{"embeddable":true,"href":"https:\/\/www.vortal.biz\/es\/wp-json\/wp\/v2\/comments?post=3658"}],"version-history":[{"count":0,"href":"https:\/\/www.vortal.biz\/es\/wp-json\/wp\/v2\/posts\/3658\/revisions"}],"wp:attachment":[{"href":"https:\/\/www.vortal.biz\/es\/wp-json\/wp\/v2\/media?parent=3658"}],"wp:term":[{"taxonomy":"category","embeddable":true,"href":"https:\/\/www.vortal.biz\/es\/wp-json\/wp\/v2\/categories?post=3658"},{"taxonomy":"post_tag","embeddable":true,"href":"https:\/\/www.vortal.biz\/es\/wp-json\/wp\/v2\/tags?post=3658"}],"curies":[{"name":"wp","href":"https:\/\/api.w.org\/{rel}","templated":true}]}}