{"id":3643,"date":"2015-12-15T19:51:23","date_gmt":"2015-12-15T19:51:23","guid":{"rendered":"https:\/\/pt.vortal.biz\/?p=3643"},"modified":"2021-01-30T19:52:12","modified_gmt":"2021-01-30T19:52:12","slug":"la-diputacion-de-castellon-avanza-decididamente-hacia-la-contratacion-publica-electronica","status":"publish","type":"post","link":"https:\/\/www.vortal.biz\/es\/la-diputacion-de-castellon-avanza-decididamente-hacia-la-contratacion-publica-electronica\/","title":{"rendered":"La Diputaci\u00f3n de Castell\u00f3n avanza decididamente hacia la contrataci\u00f3n p\u00fablica electr\u00f3nica"},"content":{"rendered":"<p>En este principio de a\u00f1o, la Diputaci\u00f3n Provincial de Castell\u00f3n, tiene el reto de poner en marcha la contrataci\u00f3n electr\u00f3nica, consistente en la utilizaci\u00f3n de medios electr\u00f3nicos en el tratamiento de las operaciones contractuales y en la comunicaci\u00f3n por parte de la instituci\u00f3n p\u00fablica cuando adquiera bienes, contrate servicios o licite obras.<\/p>\n<p>Llevamos a cabo este proyecto con la convicci\u00f3n de la necesidad del cambio, de que la administraci\u00f3n no puede permanecer inalterable ante el giro social y tecnol\u00f3gico que se est\u00e1 produciendo y que exige una administraci\u00f3n pr\u00f3xima al ciudadano, m\u00e1s transparente y eficaz.<\/p>\n<p>La importancia de la contrataci\u00f3n electr\u00f3nica ha sido puesta de manifiesto por la Comisi\u00f3n Europea desde hace m\u00e1s de una d\u00e9cada, mediante recomendaciones, comunicaciones, directivas, libro verde y, actualmente, est\u00e1 a punto de aprobarse una nueva Directiva europea que impone su implantaci\u00f3n en un per\u00edodo de tiempo tras su entrada en vigor: la notificaci\u00f3n electr\u00f3nica p\u00fablica ser\u00e1 obligatoria dos a\u00f1os despu\u00e9s de la entrada en vigor de la Directiva; la licitaci\u00f3n electr\u00f3nica de las centrales de compras, tres a\u00f1os despu\u00e9s; y la licitaci\u00f3n electr\u00f3nica general, cuatro a\u00f1os y medio despu\u00e9s.<\/p>\n<p>Las ventajas de la licitaci\u00f3n electr\u00f3nica son sobradamente conocidas: la mejora de la eficacia administrativa; la obtenci\u00f3n de ahorros para la administraci\u00f3n; la reducci\u00f3n de cargas administrativas para los licitadores; una mayor transparencia en el proceso de licitaci\u00f3n; una eliminaci\u00f3n de barreras de acceso a las licitaciones para las pymes y micropymes, lo que favorece la competencia; y tambi\u00e9n el fomento de una contrataci\u00f3n transfronteriza.<\/p>\n<p>Adem\u00e1s del inter\u00e9s del ciudadano, la contrataci\u00f3n electr\u00f3nica va a tener otro claro beneficiario: el licitador. Las empresas van a tener una mayor accesibilidad a los procedimientos de contrataci\u00f3n y tendr\u00e1n un aligeramiento de cargas administrativas y econ\u00f3micas (desplazamientos a los \u00f3rganos administrativos, fotocopias, papel, etc.). Sin embargo, son las empresas las que al mismo tiempo van a tener que realizar un mayor esfuerzo inicial para acoplarse a la nueva forma de licitar, con la obtenci\u00f3n previa de la firma electr\u00f3nica y otra preparaci\u00f3n necesaria, por lo que el \u00e9xito del proyecto, va a depender en gran medida de la aceptaci\u00f3n y colaboraci\u00f3n de las empresas.<\/p>\n<p>Para llevar a cabo este servicio no se ha realizado ning\u00fan desarrollo de software espec\u00edfico, si no que se realiza a trav\u00e9s de la plataforma VORTALgov, con recursos \u201cen la nube\u201d y que aporta todas las garant\u00edas de seguridad y calidad establecidas legalmente.<\/p>\n<p>El objetivo final de este proyecto es una contrataci\u00f3n p\u00fablica electr\u00f3nica de principio a fin en la que todas las fases del procedimiento se lleven a cabo por medios electr\u00f3nicos, desde la presentaci\u00f3n de ofertas, la realizaci\u00f3n de notificaciones hasta la firma del contrato. Sin embargo, la implantaci\u00f3n se realizar\u00e1 de forma paulatina y no traum\u00e1tica, al mismo tiempo que va cambiando la cultura, la cultura del papel.<\/p>\n<p>Nos adelantamos pues, en la implantaci\u00f3n de un servicio que ser\u00e1 obligatorio en poco tiempo y que beneficiar\u00e1 a las empresas que podr\u00e1n contratar en condiciones de igualdad, con transparencia y con menos costes<\/p>\n<p>M\u00ba Pilar Batet, Jefa del Servicio de Contrataci\u00f3n y Central de Compras de la Diputaci\u00f3n de Castell\u00f3n.<\/p>\n","protected":false},"excerpt":{"rendered":"<p>En este principio de a\u00f1o, la Diputaci\u00f3n Provincial de Castell\u00f3n, tiene el reto de poner en marcha la contrataci\u00f3n electr\u00f3nica, consistente en la utilizaci\u00f3n de [&hellip;]<\/p>\n","protected":false},"author":5639,"featured_media":0,"comment_status":"open","ping_status":"open","sticky":false,"template":"","format":"standard","meta":{"footnotes":""},"categories":[7],"tags":[],"yoast_head":"<!-- This site is optimized with the Yoast SEO plugin v22.3 - https:\/\/yoast.com\/wordpress\/plugins\/seo\/ -->\n<title>La Diputaci\u00f3n de Castell\u00f3n avanza decididamente hacia la contrataci\u00f3n p\u00fablica electr\u00f3nica - VORTAL<\/title>\n<meta name=\"robots\" content=\"index, follow, max-snippet:-1, max-image-preview:large, max-video-preview:-1\" \/>\n<link rel=\"canonical\" href=\"https:\/\/www.vortal.biz\/es\/la-diputacion-de-castellon-avanza-decididamente-hacia-la-contratacion-publica-electronica\/\" \/>\n<meta property=\"og:locale\" content=\"es_ES\" \/>\n<meta property=\"og:type\" content=\"article\" \/>\n<meta property=\"og:title\" content=\"La Diputaci\u00f3n de Castell\u00f3n avanza decididamente hacia la contrataci\u00f3n p\u00fablica electr\u00f3nica - VORTAL\" \/>\n<meta property=\"og:description\" content=\"En este principio de a\u00f1o, la Diputaci\u00f3n Provincial de Castell\u00f3n, tiene el reto de poner en marcha la contrataci\u00f3n electr\u00f3nica, consistente en la utilizaci\u00f3n de [&hellip;]\" \/>\n<meta property=\"og:url\" content=\"https:\/\/www.vortal.biz\/es\/la-diputacion-de-castellon-avanza-decididamente-hacia-la-contratacion-publica-electronica\/\" \/>\n<meta property=\"og:site_name\" content=\"VORTAL\" \/>\n<meta property=\"article:published_time\" content=\"2015-12-15T19:51:23+00:00\" \/>\n<meta property=\"article:modified_time\" content=\"2021-01-30T19:52:12+00:00\" \/>\n<meta name=\"author\" content=\"Helida Oliveira\" \/>\n<meta name=\"twitter:card\" content=\"summary_large_image\" \/>\n<meta name=\"twitter:label1\" content=\"Escrito por\" \/>\n\t<meta name=\"twitter:data1\" content=\"Helida Oliveira\" \/>\n\t<meta name=\"twitter:label2\" content=\"Tiempo de lectura\" \/>\n\t<meta name=\"twitter:data2\" content=\"3 minutos\" \/>\n<script type=\"application\/ld+json\" class=\"yoast-schema-graph\">{\"@context\":\"https:\/\/schema.org\",\"@graph\":[{\"@type\":\"WebPage\",\"@id\":\"https:\/\/www.vortal.biz\/es\/la-diputacion-de-castellon-avanza-decididamente-hacia-la-contratacion-publica-electronica\/\",\"url\":\"https:\/\/www.vortal.biz\/es\/la-diputacion-de-castellon-avanza-decididamente-hacia-la-contratacion-publica-electronica\/\",\"name\":\"La Diputaci\u00f3n de Castell\u00f3n avanza decididamente hacia la contrataci\u00f3n p\u00fablica electr\u00f3nica - VORTAL\",\"isPartOf\":{\"@id\":\"https:\/\/www.vortal.biz\/pt-pt\/#website\"},\"datePublished\":\"2015-12-15T19:51:23+00:00\",\"dateModified\":\"2021-01-30T19:52:12+00:00\",\"author\":{\"@id\":\"https:\/\/www.vortal.biz\/pt-pt\/#\/schema\/person\/de007f49a9003cc0fec169585b65ddb2\"},\"breadcrumb\":{\"@id\":\"https:\/\/www.vortal.biz\/es\/la-diputacion-de-castellon-avanza-decididamente-hacia-la-contratacion-publica-electronica\/#breadcrumb\"},\"inLanguage\":\"es\",\"potentialAction\":[{\"@type\":\"ReadAction\",\"target\":[\"https:\/\/www.vortal.biz\/es\/la-diputacion-de-castellon-avanza-decididamente-hacia-la-contratacion-publica-electronica\/\"]}]},{\"@type\":\"BreadcrumbList\",\"@id\":\"https:\/\/www.vortal.biz\/es\/la-diputacion-de-castellon-avanza-decididamente-hacia-la-contratacion-publica-electronica\/#breadcrumb\",\"itemListElement\":[{\"@type\":\"ListItem\",\"position\":1,\"name\":\"Home\",\"item\":\"https:\/\/www.vortal.biz\/es\/\"},{\"@type\":\"ListItem\",\"position\":2,\"name\":\"La Diputaci\u00f3n de Castell\u00f3n avanza decididamente hacia la contrataci\u00f3n p\u00fablica electr\u00f3nica\"}]},{\"@type\":\"WebSite\",\"@id\":\"https:\/\/www.vortal.biz\/pt-pt\/#website\",\"url\":\"https:\/\/www.vortal.biz\/pt-pt\/\",\"name\":\"VORTAL\",\"description\":\"Connecting Business\",\"potentialAction\":[{\"@type\":\"SearchAction\",\"target\":{\"@type\":\"EntryPoint\",\"urlTemplate\":\"https:\/\/www.vortal.biz\/pt-pt\/?s={search_term_string}\"},\"query-input\":\"required name=search_term_string\"}],\"inLanguage\":\"es\"},{\"@type\":\"Person\",\"@id\":\"https:\/\/www.vortal.biz\/pt-pt\/#\/schema\/person\/de007f49a9003cc0fec169585b65ddb2\",\"name\":\"Helida Oliveira\",\"image\":{\"@type\":\"ImageObject\",\"inLanguage\":\"es\",\"@id\":\"https:\/\/www.vortal.biz\/pt-pt\/#\/schema\/person\/image\/\",\"url\":\"https:\/\/secure.gravatar.com\/avatar\/2485383d4ceb69bbd668ac515d6bdb03?s=96&d=mm&r=g\",\"contentUrl\":\"https:\/\/secure.gravatar.com\/avatar\/2485383d4ceb69bbd668ac515d6bdb03?s=96&d=mm&r=g\",\"caption\":\"Helida Oliveira\"},\"url\":\"https:\/\/www.vortal.biz\/es\/author\/helida-oliveira\/\"}]}<\/script>\n<!-- \/ Yoast SEO plugin. -->","yoast_head_json":{"title":"La Diputaci\u00f3n de Castell\u00f3n avanza decididamente hacia la contrataci\u00f3n p\u00fablica electr\u00f3nica - VORTAL","robots":{"index":"index","follow":"follow","max-snippet":"max-snippet:-1","max-image-preview":"max-image-preview:large","max-video-preview":"max-video-preview:-1"},"canonical":"https:\/\/www.vortal.biz\/es\/la-diputacion-de-castellon-avanza-decididamente-hacia-la-contratacion-publica-electronica\/","og_locale":"es_ES","og_type":"article","og_title":"La Diputaci\u00f3n de Castell\u00f3n avanza decididamente hacia la contrataci\u00f3n p\u00fablica electr\u00f3nica - VORTAL","og_description":"En este principio de a\u00f1o, la Diputaci\u00f3n Provincial de Castell\u00f3n, tiene el reto de poner en marcha la contrataci\u00f3n electr\u00f3nica, consistente en la utilizaci\u00f3n de [&hellip;]","og_url":"https:\/\/www.vortal.biz\/es\/la-diputacion-de-castellon-avanza-decididamente-hacia-la-contratacion-publica-electronica\/","og_site_name":"VORTAL","article_published_time":"2015-12-15T19:51:23+00:00","article_modified_time":"2021-01-30T19:52:12+00:00","author":"Helida Oliveira","twitter_card":"summary_large_image","twitter_misc":{"Escrito por":"Helida Oliveira","Tiempo de lectura":"3 minutos"},"schema":{"@context":"https:\/\/schema.org","@graph":[{"@type":"WebPage","@id":"https:\/\/www.vortal.biz\/es\/la-diputacion-de-castellon-avanza-decididamente-hacia-la-contratacion-publica-electronica\/","url":"https:\/\/www.vortal.biz\/es\/la-diputacion-de-castellon-avanza-decididamente-hacia-la-contratacion-publica-electronica\/","name":"La Diputaci\u00f3n de Castell\u00f3n avanza decididamente hacia la contrataci\u00f3n p\u00fablica electr\u00f3nica - VORTAL","isPartOf":{"@id":"https:\/\/www.vortal.biz\/pt-pt\/#website"},"datePublished":"2015-12-15T19:51:23+00:00","dateModified":"2021-01-30T19:52:12+00:00","author":{"@id":"https:\/\/www.vortal.biz\/pt-pt\/#\/schema\/person\/de007f49a9003cc0fec169585b65ddb2"},"breadcrumb":{"@id":"https:\/\/www.vortal.biz\/es\/la-diputacion-de-castellon-avanza-decididamente-hacia-la-contratacion-publica-electronica\/#breadcrumb"},"inLanguage":"es","potentialAction":[{"@type":"ReadAction","target":["https:\/\/www.vortal.biz\/es\/la-diputacion-de-castellon-avanza-decididamente-hacia-la-contratacion-publica-electronica\/"]}]},{"@type":"BreadcrumbList","@id":"https:\/\/www.vortal.biz\/es\/la-diputacion-de-castellon-avanza-decididamente-hacia-la-contratacion-publica-electronica\/#breadcrumb","itemListElement":[{"@type":"ListItem","position":1,"name":"Home","item":"https:\/\/www.vortal.biz\/es\/"},{"@type":"ListItem","position":2,"name":"La Diputaci\u00f3n de Castell\u00f3n avanza decididamente hacia la contrataci\u00f3n p\u00fablica electr\u00f3nica"}]},{"@type":"WebSite","@id":"https:\/\/www.vortal.biz\/pt-pt\/#website","url":"https:\/\/www.vortal.biz\/pt-pt\/","name":"VORTAL","description":"Connecting Business","potentialAction":[{"@type":"SearchAction","target":{"@type":"EntryPoint","urlTemplate":"https:\/\/www.vortal.biz\/pt-pt\/?s={search_term_string}"},"query-input":"required name=search_term_string"}],"inLanguage":"es"},{"@type":"Person","@id":"https:\/\/www.vortal.biz\/pt-pt\/#\/schema\/person\/de007f49a9003cc0fec169585b65ddb2","name":"Helida Oliveira","image":{"@type":"ImageObject","inLanguage":"es","@id":"https:\/\/www.vortal.biz\/pt-pt\/#\/schema\/person\/image\/","url":"https:\/\/secure.gravatar.com\/avatar\/2485383d4ceb69bbd668ac515d6bdb03?s=96&d=mm&r=g","contentUrl":"https:\/\/secure.gravatar.com\/avatar\/2485383d4ceb69bbd668ac515d6bdb03?s=96&d=mm&r=g","caption":"Helida Oliveira"},"url":"https:\/\/www.vortal.biz\/es\/author\/helida-oliveira\/"}]}},"_links":{"self":[{"href":"https:\/\/www.vortal.biz\/es\/wp-json\/wp\/v2\/posts\/3643"}],"collection":[{"href":"https:\/\/www.vortal.biz\/es\/wp-json\/wp\/v2\/posts"}],"about":[{"href":"https:\/\/www.vortal.biz\/es\/wp-json\/wp\/v2\/types\/post"}],"author":[{"embeddable":true,"href":"https:\/\/www.vortal.biz\/es\/wp-json\/wp\/v2\/users\/5639"}],"replies":[{"embeddable":true,"href":"https:\/\/www.vortal.biz\/es\/wp-json\/wp\/v2\/comments?post=3643"}],"version-history":[{"count":0,"href":"https:\/\/www.vortal.biz\/es\/wp-json\/wp\/v2\/posts\/3643\/revisions"}],"wp:attachment":[{"href":"https:\/\/www.vortal.biz\/es\/wp-json\/wp\/v2\/media?parent=3643"}],"wp:term":[{"taxonomy":"category","embeddable":true,"href":"https:\/\/www.vortal.biz\/es\/wp-json\/wp\/v2\/categories?post=3643"},{"taxonomy":"post_tag","embeddable":true,"href":"https:\/\/www.vortal.biz\/es\/wp-json\/wp\/v2\/tags?post=3643"}],"curies":[{"name":"wp","href":"https:\/\/api.w.org\/{rel}","templated":true}]}}