{"id":3633,"date":"2018-01-31T09:39:27","date_gmt":"2018-01-31T09:39:27","guid":{"rendered":"https:\/\/pt.vortal.biz\/?p=3633"},"modified":"2021-01-30T19:40:51","modified_gmt":"2021-01-30T19:40:51","slug":"vortal-presenta-su-academia-de-transformacion-digital-con-el-lanzamiento-de-eva-european-vortal-academy","status":"publish","type":"post","link":"https:\/\/www.vortal.biz\/es\/vortal-presenta-su-academia-de-transformacion-digital-con-el-lanzamiento-de-eva-european-vortal-academy\/","title":{"rendered":"VORTAL presenta su academia de transformaci\u00f3n digital con el lanzamiento de eVA: european VORTAL Academy"},"content":{"rendered":"<p>Presentamos el lanzamiento de nuestro proyecto de formaci\u00f3n european VORTAL Academy (eVA) en Espa\u00f1a.<\/p>\n<p>eVA nace para dar soluci\u00f3n a las demandas de formaci\u00f3n de capital humano en el sector transformaci\u00f3n digital de los procesos de compraventa en los sectores p\u00fablico (ante el nuevo marco legislativo) y privado.<\/p>\n<p>La Academia surge de la necesidad, tras la nueva Ley de Contratos del Sector P\u00fablico 9\/2017, de una formaci\u00f3n adecuada que atienda la importancia de esta Ley para m\u00faltiples actores, tanto p\u00fablicos como privados; as\u00ed como para promover y publicar estudios e investigaciones de referencia en materia de contrataci\u00f3n p\u00fablica que permitan fomentar el debate y crear foros de discusi\u00f3n, ayudando a la difusi\u00f3n de estos trabajos y a una mejor aplicaci\u00f3n de la nueva normativa.<\/p>\n<p>Creemos que era necesario un proyecto como este, que ayude a analizar y estudiar, con amplitud de miras, un marco normativo como el actual que tanto incide en un \u00e1rea tan influyente de la econom\u00eda y la sociedad, la contrataci\u00f3n p\u00fablica.<\/p>\n<p>El d\u00eda a d\u00eda de los profesionales del sector, a la luz de la nueva Ley de Contratos del Sector P\u00fablico, se hace mucho m\u00e1s exigente y requiere, por tanto, de nuevas y mejores herramientas que permitan a \u00e9stos ser m\u00e1s eficaces.<\/p>\n<p>Tanto los contenidos formativos como las publicaciones est\u00e1n avalados por un Comit\u00e9 Cient\u00edfico que se encarga de establecer unos est\u00e1ndares de calidad muy altos. Este Comit\u00e9 est\u00e1 formado por profesionales de reconocido prestigio en el \u00e1mbito nacional e internacional:<\/p>\n<p>Prof. Dr. Jaime Pintos Santiago (Coordinador Academico eVA);<br \/>\nProf. Dr. Jos\u00e9 Antonio Moreno Molina;<br \/>\nProf. Dr. Luis Valadares Tavares;<br \/>\nProf. Dr. Francisco. E. Puerta Seguido;<br \/>\nProf. Dr. Jes\u00fas Punz\u00f3n Moraleda.<\/p>\n<p>Adem\u00e1s de asegurar la calidad de las propuestas formativas y de los estudios e investigaciones publicados, este comit\u00e9 tendr\u00e1 el objetivo de divulgar la misi\u00f3n de la european VORTAL Academy en la sociedad y la difusi\u00f3n de los trabajos de eVA a nivel internacional.<\/p>\n<p>La primera de muchas actuaciones formativas de eVA tendr\u00e1 lugar el pr\u00f3ximo 1 de marzo, cuando tendr\u00e1 lugar una Jornada sobre las Principales novedades de la Ley 9\/2017, de Contratos del Sector P\u00fablico.<\/p>\n<p>La sesi\u00f3n, dirigida por el Dr. Jaime Pintos Santiago, Coordinador Acad\u00e9mico de eVA y Abogado-Consultor independiente en contrataci\u00f3n p\u00fablica, cuenta con la participaci\u00f3n del eminente Catedr\u00e1tico de Derecho Administrativo de la Universidad de Castilla\u2013La Mancha, el Profesor Dr. Jos\u00e9 Antonio Moreno Molina, y presenta el objetivo claro de profundizar en las principales novedades de la nueva Ley de Contratos del Sector P\u00fablico.<\/p>\n","protected":false},"excerpt":{"rendered":"<p>Presentamos el lanzamiento de nuestro proyecto de formaci\u00f3n european VORTAL Academy (eVA) en Espa\u00f1a. eVA nace para dar soluci\u00f3n a las demandas de formaci\u00f3n de [&hellip;]<\/p>\n","protected":false},"author":5639,"featured_media":0,"comment_status":"open","ping_status":"open","sticky":false,"template":"","format":"standard","meta":{"footnotes":""},"categories":[7],"tags":[],"yoast_head":"<!-- This site is optimized with the Yoast SEO plugin v22.3 - https:\/\/yoast.com\/wordpress\/plugins\/seo\/ -->\n<title>VORTAL presenta su academia de transformaci\u00f3n digital con el lanzamiento de eVA: european VORTAL Academy - VORTAL<\/title>\n<meta name=\"robots\" content=\"index, follow, max-snippet:-1, max-image-preview:large, max-video-preview:-1\" \/>\n<link rel=\"canonical\" href=\"https:\/\/www.vortal.biz\/es\/vortal-presenta-su-academia-de-transformacion-digital-con-el-lanzamiento-de-eva-european-vortal-academy\/\" \/>\n<meta property=\"og:locale\" content=\"es_ES\" \/>\n<meta property=\"og:type\" content=\"article\" \/>\n<meta property=\"og:title\" content=\"VORTAL presenta su academia de transformaci\u00f3n digital con el lanzamiento de eVA: european VORTAL Academy - VORTAL\" \/>\n<meta property=\"og:description\" content=\"Presentamos el lanzamiento de nuestro proyecto de formaci\u00f3n european VORTAL Academy (eVA) en Espa\u00f1a. eVA nace para dar soluci\u00f3n a las demandas de formaci\u00f3n de [&hellip;]\" \/>\n<meta property=\"og:url\" content=\"https:\/\/www.vortal.biz\/es\/vortal-presenta-su-academia-de-transformacion-digital-con-el-lanzamiento-de-eva-european-vortal-academy\/\" \/>\n<meta property=\"og:site_name\" content=\"VORTAL\" \/>\n<meta property=\"article:published_time\" content=\"2018-01-31T09:39:27+00:00\" \/>\n<meta property=\"article:modified_time\" content=\"2021-01-30T19:40:51+00:00\" \/>\n<meta name=\"author\" content=\"Helida Oliveira\" \/>\n<meta name=\"twitter:card\" content=\"summary_large_image\" \/>\n<meta name=\"twitter:label1\" content=\"Escrito por\" \/>\n\t<meta name=\"twitter:data1\" content=\"Helida Oliveira\" \/>\n\t<meta name=\"twitter:label2\" content=\"Tiempo de lectura\" \/>\n\t<meta name=\"twitter:data2\" content=\"2 minutos\" \/>\n<script type=\"application\/ld+json\" class=\"yoast-schema-graph\">{\"@context\":\"https:\/\/schema.org\",\"@graph\":[{\"@type\":\"WebPage\",\"@id\":\"https:\/\/www.vortal.biz\/es\/vortal-presenta-su-academia-de-transformacion-digital-con-el-lanzamiento-de-eva-european-vortal-academy\/\",\"url\":\"https:\/\/www.vortal.biz\/es\/vortal-presenta-su-academia-de-transformacion-digital-con-el-lanzamiento-de-eva-european-vortal-academy\/\",\"name\":\"VORTAL presenta su academia de transformaci\u00f3n digital con el lanzamiento de eVA: european VORTAL Academy - VORTAL\",\"isPartOf\":{\"@id\":\"https:\/\/www.vortal.biz\/pt-pt\/#website\"},\"datePublished\":\"2018-01-31T09:39:27+00:00\",\"dateModified\":\"2021-01-30T19:40:51+00:00\",\"author\":{\"@id\":\"https:\/\/www.vortal.biz\/pt-pt\/#\/schema\/person\/de007f49a9003cc0fec169585b65ddb2\"},\"breadcrumb\":{\"@id\":\"https:\/\/www.vortal.biz\/es\/vortal-presenta-su-academia-de-transformacion-digital-con-el-lanzamiento-de-eva-european-vortal-academy\/#breadcrumb\"},\"inLanguage\":\"es\",\"potentialAction\":[{\"@type\":\"ReadAction\",\"target\":[\"https:\/\/www.vortal.biz\/es\/vortal-presenta-su-academia-de-transformacion-digital-con-el-lanzamiento-de-eva-european-vortal-academy\/\"]}]},{\"@type\":\"BreadcrumbList\",\"@id\":\"https:\/\/www.vortal.biz\/es\/vortal-presenta-su-academia-de-transformacion-digital-con-el-lanzamiento-de-eva-european-vortal-academy\/#breadcrumb\",\"itemListElement\":[{\"@type\":\"ListItem\",\"position\":1,\"name\":\"Home\",\"item\":\"https:\/\/www.vortal.biz\/es\/\"},{\"@type\":\"ListItem\",\"position\":2,\"name\":\"VORTAL presenta su academia de transformaci\u00f3n digital con el lanzamiento de eVA: european VORTAL Academy\"}]},{\"@type\":\"WebSite\",\"@id\":\"https:\/\/www.vortal.biz\/pt-pt\/#website\",\"url\":\"https:\/\/www.vortal.biz\/pt-pt\/\",\"name\":\"VORTAL\",\"description\":\"Connecting Business\",\"potentialAction\":[{\"@type\":\"SearchAction\",\"target\":{\"@type\":\"EntryPoint\",\"urlTemplate\":\"https:\/\/www.vortal.biz\/pt-pt\/?s={search_term_string}\"},\"query-input\":\"required name=search_term_string\"}],\"inLanguage\":\"es\"},{\"@type\":\"Person\",\"@id\":\"https:\/\/www.vortal.biz\/pt-pt\/#\/schema\/person\/de007f49a9003cc0fec169585b65ddb2\",\"name\":\"Helida Oliveira\",\"image\":{\"@type\":\"ImageObject\",\"inLanguage\":\"es\",\"@id\":\"https:\/\/www.vortal.biz\/pt-pt\/#\/schema\/person\/image\/\",\"url\":\"https:\/\/secure.gravatar.com\/avatar\/2485383d4ceb69bbd668ac515d6bdb03?s=96&d=mm&r=g\",\"contentUrl\":\"https:\/\/secure.gravatar.com\/avatar\/2485383d4ceb69bbd668ac515d6bdb03?s=96&d=mm&r=g\",\"caption\":\"Helida Oliveira\"},\"url\":\"https:\/\/www.vortal.biz\/es\/author\/helida-oliveira\/\"}]}<\/script>\n<!-- \/ Yoast SEO plugin. -->","yoast_head_json":{"title":"VORTAL presenta su academia de transformaci\u00f3n digital con el lanzamiento de eVA: european VORTAL Academy - VORTAL","robots":{"index":"index","follow":"follow","max-snippet":"max-snippet:-1","max-image-preview":"max-image-preview:large","max-video-preview":"max-video-preview:-1"},"canonical":"https:\/\/www.vortal.biz\/es\/vortal-presenta-su-academia-de-transformacion-digital-con-el-lanzamiento-de-eva-european-vortal-academy\/","og_locale":"es_ES","og_type":"article","og_title":"VORTAL presenta su academia de transformaci\u00f3n digital con el lanzamiento de eVA: european VORTAL Academy - VORTAL","og_description":"Presentamos el lanzamiento de nuestro proyecto de formaci\u00f3n european VORTAL Academy (eVA) en Espa\u00f1a. eVA nace para dar soluci\u00f3n a las demandas de formaci\u00f3n de [&hellip;]","og_url":"https:\/\/www.vortal.biz\/es\/vortal-presenta-su-academia-de-transformacion-digital-con-el-lanzamiento-de-eva-european-vortal-academy\/","og_site_name":"VORTAL","article_published_time":"2018-01-31T09:39:27+00:00","article_modified_time":"2021-01-30T19:40:51+00:00","author":"Helida Oliveira","twitter_card":"summary_large_image","twitter_misc":{"Escrito por":"Helida Oliveira","Tiempo de lectura":"2 minutos"},"schema":{"@context":"https:\/\/schema.org","@graph":[{"@type":"WebPage","@id":"https:\/\/www.vortal.biz\/es\/vortal-presenta-su-academia-de-transformacion-digital-con-el-lanzamiento-de-eva-european-vortal-academy\/","url":"https:\/\/www.vortal.biz\/es\/vortal-presenta-su-academia-de-transformacion-digital-con-el-lanzamiento-de-eva-european-vortal-academy\/","name":"VORTAL presenta su academia de transformaci\u00f3n digital con el lanzamiento de eVA: european VORTAL Academy - VORTAL","isPartOf":{"@id":"https:\/\/www.vortal.biz\/pt-pt\/#website"},"datePublished":"2018-01-31T09:39:27+00:00","dateModified":"2021-01-30T19:40:51+00:00","author":{"@id":"https:\/\/www.vortal.biz\/pt-pt\/#\/schema\/person\/de007f49a9003cc0fec169585b65ddb2"},"breadcrumb":{"@id":"https:\/\/www.vortal.biz\/es\/vortal-presenta-su-academia-de-transformacion-digital-con-el-lanzamiento-de-eva-european-vortal-academy\/#breadcrumb"},"inLanguage":"es","potentialAction":[{"@type":"ReadAction","target":["https:\/\/www.vortal.biz\/es\/vortal-presenta-su-academia-de-transformacion-digital-con-el-lanzamiento-de-eva-european-vortal-academy\/"]}]},{"@type":"BreadcrumbList","@id":"https:\/\/www.vortal.biz\/es\/vortal-presenta-su-academia-de-transformacion-digital-con-el-lanzamiento-de-eva-european-vortal-academy\/#breadcrumb","itemListElement":[{"@type":"ListItem","position":1,"name":"Home","item":"https:\/\/www.vortal.biz\/es\/"},{"@type":"ListItem","position":2,"name":"VORTAL presenta su academia de transformaci\u00f3n digital con el lanzamiento de eVA: european VORTAL Academy"}]},{"@type":"WebSite","@id":"https:\/\/www.vortal.biz\/pt-pt\/#website","url":"https:\/\/www.vortal.biz\/pt-pt\/","name":"VORTAL","description":"Connecting Business","potentialAction":[{"@type":"SearchAction","target":{"@type":"EntryPoint","urlTemplate":"https:\/\/www.vortal.biz\/pt-pt\/?s={search_term_string}"},"query-input":"required name=search_term_string"}],"inLanguage":"es"},{"@type":"Person","@id":"https:\/\/www.vortal.biz\/pt-pt\/#\/schema\/person\/de007f49a9003cc0fec169585b65ddb2","name":"Helida Oliveira","image":{"@type":"ImageObject","inLanguage":"es","@id":"https:\/\/www.vortal.biz\/pt-pt\/#\/schema\/person\/image\/","url":"https:\/\/secure.gravatar.com\/avatar\/2485383d4ceb69bbd668ac515d6bdb03?s=96&d=mm&r=g","contentUrl":"https:\/\/secure.gravatar.com\/avatar\/2485383d4ceb69bbd668ac515d6bdb03?s=96&d=mm&r=g","caption":"Helida Oliveira"},"url":"https:\/\/www.vortal.biz\/es\/author\/helida-oliveira\/"}]}},"_links":{"self":[{"href":"https:\/\/www.vortal.biz\/es\/wp-json\/wp\/v2\/posts\/3633"}],"collection":[{"href":"https:\/\/www.vortal.biz\/es\/wp-json\/wp\/v2\/posts"}],"about":[{"href":"https:\/\/www.vortal.biz\/es\/wp-json\/wp\/v2\/types\/post"}],"author":[{"embeddable":true,"href":"https:\/\/www.vortal.biz\/es\/wp-json\/wp\/v2\/users\/5639"}],"replies":[{"embeddable":true,"href":"https:\/\/www.vortal.biz\/es\/wp-json\/wp\/v2\/comments?post=3633"}],"version-history":[{"count":0,"href":"https:\/\/www.vortal.biz\/es\/wp-json\/wp\/v2\/posts\/3633\/revisions"}],"wp:attachment":[{"href":"https:\/\/www.vortal.biz\/es\/wp-json\/wp\/v2\/media?parent=3633"}],"wp:term":[{"taxonomy":"category","embeddable":true,"href":"https:\/\/www.vortal.biz\/es\/wp-json\/wp\/v2\/categories?post=3633"},{"taxonomy":"post_tag","embeddable":true,"href":"https:\/\/www.vortal.biz\/es\/wp-json\/wp\/v2\/tags?post=3633"}],"curies":[{"name":"wp","href":"https:\/\/api.w.org\/{rel}","templated":true}]}}