{"id":3629,"date":"2015-12-15T19:35:48","date_gmt":"2015-12-15T19:35:48","guid":{"rendered":"https:\/\/pt.vortal.biz\/?p=3629"},"modified":"2021-01-30T20:35:30","modified_gmt":"2021-01-30T20:35:30","slug":"el-ayuntamiento-de-alzira-empieza-a-licitar-en-electronico","status":"publish","type":"post","link":"https:\/\/www.vortal.biz\/es\/el-ayuntamiento-de-alzira-empieza-a-licitar-en-electronico\/","title":{"rendered":"El Ayuntamiento de Alzira empieza a licitar en electr\u00f3nico"},"content":{"rendered":"<p>Los objetivos del Ayuntamiento de Alzira son anticipar la futura obligaci\u00f3n de la UE de licitar electr\u00f3nicamente, ahorrar costes y modernizar la contrataci\u00f3n del Ayuntamiento, as\u00ed como su relaci\u00f3n con sus  proveedores. Para ello pone en marcha este proyecto que se inicia por  la contrataci\u00f3n menor, e ir\u00e1 de forma progresiva extendi\u00e9ndolo a otros tipos de contrato, hasta alcanzar el objetivo de gestionar toda su contrataci\u00f3n p\u00fablica en electr\u00f3nico.<\/p>\n<p>Elena Bastidas, alcaldesa del ayuntamiento ha manifestado que \u201cla implantaci\u00f3n de la licitaci\u00f3n electr\u00f3nica es un paso m\u00e1s para mejorar la eficiencia en la contrataci\u00f3n p\u00fablica municipal. La gesti\u00f3n electr\u00f3nica de los contratos menores nos permitir\u00e1 reducir los costes de contrataci\u00f3n, reducir los tiempos de gesti\u00f3n, aumentar la transparencia, y abrir todos los procedimientos a una mayor concurrencia. Adem\u00e1s contribuir\u00e1 positivamente a aumentar la competitividad de las PYMES locales, facilitando su acceso a las licitaciones p\u00fablicas, tanto de Alzira como del resto de entidades p\u00fablicas que ya utilizan VORTAL\u201d.<\/p>\n<p>Alzira quiera as\u00ed acercar la administraci\u00f3n a ciudadanos y empresas. El trabajo realizado en los \u00faltimos a\u00f1os ha servido para posicionar al Ayuntamiento como uno de los referentes nacionales en cuanto a Administraci\u00f3n P\u00fablica Electr\u00f3nica se refiere.<\/p>\n<p><strong>Un servicio de valor a\u00f1adido y m\u00e1s oportunidades de negocio para las empresas del municipio<\/strong><\/p>\n<p>A trav\u00e9s de la plataforma los licitadores dados de alta tendr\u00e1n acceso en tiempo real a todos los procedimientos activos en la plataforma que est\u00e9n relacionados con su actividad. As\u00ed siempre que el Ayuntamiento realice una consulta al mercado el licitador es informado de manera inmediata sobre la oportunidad para que pueda presentar su oferta de forma simple y eficaz, reduciendo enormemente las cargas administrativas derivadas de los procesos de licitaci\u00f3n.<\/p>\n<p>La plataforma ser\u00e1 una \u201cgu\u00eda\u201d para todas aquellas empresas que encuentran dificultades en la presentaci\u00f3n de ofertas en los procesos de compra p\u00fablica. La plataforma guiar\u00e1 a los licitadores en la presentaci\u00f3n de ofertas y se habilitar\u00e1 un n\u00famero de atenci\u00f3n telef\u00f3nico permanentemente para solucionar cualquier duda que pudiese surgir durante el proceso.<\/p>\n<p><a href=\"https:\/\/www.youtube.com\/watch?v=eLkebd0vZTc\" rel=\"noopener\" target=\"_blank\">Video ><\/a><\/p>\n","protected":false},"excerpt":{"rendered":"<p>Los objetivos del Ayuntamiento de Alzira son anticipar la futura obligaci\u00f3n de la UE de licitar electr\u00f3nicamente, ahorrar costes y modernizar la contrataci\u00f3n del Ayuntamiento, [&hellip;]<\/p>\n","protected":false},"author":5639,"featured_media":0,"comment_status":"open","ping_status":"open","sticky":false,"template":"","format":"standard","meta":{"footnotes":""},"categories":[7],"tags":[],"yoast_head":"<!-- This site is optimized with the Yoast SEO plugin v22.3 - https:\/\/yoast.com\/wordpress\/plugins\/seo\/ -->\n<title>El Ayuntamiento de Alzira empieza a licitar en electr\u00f3nico - VORTAL<\/title>\n<meta name=\"robots\" content=\"index, follow, max-snippet:-1, max-image-preview:large, max-video-preview:-1\" \/>\n<link rel=\"canonical\" href=\"https:\/\/www.vortal.biz\/es\/el-ayuntamiento-de-alzira-empieza-a-licitar-en-electronico\/\" \/>\n<meta property=\"og:locale\" content=\"es_ES\" \/>\n<meta property=\"og:type\" content=\"article\" \/>\n<meta property=\"og:title\" content=\"El Ayuntamiento de Alzira empieza a licitar en electr\u00f3nico - VORTAL\" \/>\n<meta property=\"og:description\" content=\"Los objetivos del Ayuntamiento de Alzira son anticipar la futura obligaci\u00f3n de la UE de licitar electr\u00f3nicamente, ahorrar costes y modernizar la contrataci\u00f3n del Ayuntamiento, [&hellip;]\" \/>\n<meta property=\"og:url\" content=\"https:\/\/www.vortal.biz\/es\/el-ayuntamiento-de-alzira-empieza-a-licitar-en-electronico\/\" \/>\n<meta property=\"og:site_name\" content=\"VORTAL\" \/>\n<meta property=\"article:published_time\" content=\"2015-12-15T19:35:48+00:00\" \/>\n<meta property=\"article:modified_time\" content=\"2021-01-30T20:35:30+00:00\" \/>\n<meta name=\"author\" content=\"Helida Oliveira\" \/>\n<meta name=\"twitter:card\" content=\"summary_large_image\" \/>\n<meta name=\"twitter:label1\" content=\"Escrito por\" \/>\n\t<meta name=\"twitter:data1\" content=\"Helida Oliveira\" \/>\n\t<meta name=\"twitter:label2\" content=\"Tiempo de lectura\" \/>\n\t<meta name=\"twitter:data2\" content=\"2 minutos\" \/>\n<script type=\"application\/ld+json\" class=\"yoast-schema-graph\">{\"@context\":\"https:\/\/schema.org\",\"@graph\":[{\"@type\":\"WebPage\",\"@id\":\"https:\/\/www.vortal.biz\/es\/el-ayuntamiento-de-alzira-empieza-a-licitar-en-electronico\/\",\"url\":\"https:\/\/www.vortal.biz\/es\/el-ayuntamiento-de-alzira-empieza-a-licitar-en-electronico\/\",\"name\":\"El Ayuntamiento de Alzira empieza a licitar en electr\u00f3nico - VORTAL\",\"isPartOf\":{\"@id\":\"https:\/\/www.vortal.biz\/pt-pt\/#website\"},\"datePublished\":\"2015-12-15T19:35:48+00:00\",\"dateModified\":\"2021-01-30T20:35:30+00:00\",\"author\":{\"@id\":\"https:\/\/www.vortal.biz\/pt-pt\/#\/schema\/person\/de007f49a9003cc0fec169585b65ddb2\"},\"breadcrumb\":{\"@id\":\"https:\/\/www.vortal.biz\/es\/el-ayuntamiento-de-alzira-empieza-a-licitar-en-electronico\/#breadcrumb\"},\"inLanguage\":\"es\",\"potentialAction\":[{\"@type\":\"ReadAction\",\"target\":[\"https:\/\/www.vortal.biz\/es\/el-ayuntamiento-de-alzira-empieza-a-licitar-en-electronico\/\"]}]},{\"@type\":\"BreadcrumbList\",\"@id\":\"https:\/\/www.vortal.biz\/es\/el-ayuntamiento-de-alzira-empieza-a-licitar-en-electronico\/#breadcrumb\",\"itemListElement\":[{\"@type\":\"ListItem\",\"position\":1,\"name\":\"Home\",\"item\":\"https:\/\/www.vortal.biz\/es\/\"},{\"@type\":\"ListItem\",\"position\":2,\"name\":\"El Ayuntamiento de Alzira empieza a licitar en electr\u00f3nico\"}]},{\"@type\":\"WebSite\",\"@id\":\"https:\/\/www.vortal.biz\/pt-pt\/#website\",\"url\":\"https:\/\/www.vortal.biz\/pt-pt\/\",\"name\":\"VORTAL\",\"description\":\"Connecting Business\",\"potentialAction\":[{\"@type\":\"SearchAction\",\"target\":{\"@type\":\"EntryPoint\",\"urlTemplate\":\"https:\/\/www.vortal.biz\/pt-pt\/?s={search_term_string}\"},\"query-input\":\"required name=search_term_string\"}],\"inLanguage\":\"es\"},{\"@type\":\"Person\",\"@id\":\"https:\/\/www.vortal.biz\/pt-pt\/#\/schema\/person\/de007f49a9003cc0fec169585b65ddb2\",\"name\":\"Helida Oliveira\",\"image\":{\"@type\":\"ImageObject\",\"inLanguage\":\"es\",\"@id\":\"https:\/\/www.vortal.biz\/pt-pt\/#\/schema\/person\/image\/\",\"url\":\"https:\/\/secure.gravatar.com\/avatar\/2485383d4ceb69bbd668ac515d6bdb03?s=96&d=mm&r=g\",\"contentUrl\":\"https:\/\/secure.gravatar.com\/avatar\/2485383d4ceb69bbd668ac515d6bdb03?s=96&d=mm&r=g\",\"caption\":\"Helida Oliveira\"},\"url\":\"https:\/\/www.vortal.biz\/es\/author\/helida-oliveira\/\"}]}<\/script>\n<!-- \/ Yoast SEO plugin. -->","yoast_head_json":{"title":"El Ayuntamiento de Alzira empieza a licitar en electr\u00f3nico - VORTAL","robots":{"index":"index","follow":"follow","max-snippet":"max-snippet:-1","max-image-preview":"max-image-preview:large","max-video-preview":"max-video-preview:-1"},"canonical":"https:\/\/www.vortal.biz\/es\/el-ayuntamiento-de-alzira-empieza-a-licitar-en-electronico\/","og_locale":"es_ES","og_type":"article","og_title":"El Ayuntamiento de Alzira empieza a licitar en electr\u00f3nico - VORTAL","og_description":"Los objetivos del Ayuntamiento de Alzira son anticipar la futura obligaci\u00f3n de la UE de licitar electr\u00f3nicamente, ahorrar costes y modernizar la contrataci\u00f3n del Ayuntamiento, [&hellip;]","og_url":"https:\/\/www.vortal.biz\/es\/el-ayuntamiento-de-alzira-empieza-a-licitar-en-electronico\/","og_site_name":"VORTAL","article_published_time":"2015-12-15T19:35:48+00:00","article_modified_time":"2021-01-30T20:35:30+00:00","author":"Helida Oliveira","twitter_card":"summary_large_image","twitter_misc":{"Escrito por":"Helida Oliveira","Tiempo de lectura":"2 minutos"},"schema":{"@context":"https:\/\/schema.org","@graph":[{"@type":"WebPage","@id":"https:\/\/www.vortal.biz\/es\/el-ayuntamiento-de-alzira-empieza-a-licitar-en-electronico\/","url":"https:\/\/www.vortal.biz\/es\/el-ayuntamiento-de-alzira-empieza-a-licitar-en-electronico\/","name":"El Ayuntamiento de Alzira empieza a licitar en electr\u00f3nico - VORTAL","isPartOf":{"@id":"https:\/\/www.vortal.biz\/pt-pt\/#website"},"datePublished":"2015-12-15T19:35:48+00:00","dateModified":"2021-01-30T20:35:30+00:00","author":{"@id":"https:\/\/www.vortal.biz\/pt-pt\/#\/schema\/person\/de007f49a9003cc0fec169585b65ddb2"},"breadcrumb":{"@id":"https:\/\/www.vortal.biz\/es\/el-ayuntamiento-de-alzira-empieza-a-licitar-en-electronico\/#breadcrumb"},"inLanguage":"es","potentialAction":[{"@type":"ReadAction","target":["https:\/\/www.vortal.biz\/es\/el-ayuntamiento-de-alzira-empieza-a-licitar-en-electronico\/"]}]},{"@type":"BreadcrumbList","@id":"https:\/\/www.vortal.biz\/es\/el-ayuntamiento-de-alzira-empieza-a-licitar-en-electronico\/#breadcrumb","itemListElement":[{"@type":"ListItem","position":1,"name":"Home","item":"https:\/\/www.vortal.biz\/es\/"},{"@type":"ListItem","position":2,"name":"El Ayuntamiento de Alzira empieza a licitar en electr\u00f3nico"}]},{"@type":"WebSite","@id":"https:\/\/www.vortal.biz\/pt-pt\/#website","url":"https:\/\/www.vortal.biz\/pt-pt\/","name":"VORTAL","description":"Connecting Business","potentialAction":[{"@type":"SearchAction","target":{"@type":"EntryPoint","urlTemplate":"https:\/\/www.vortal.biz\/pt-pt\/?s={search_term_string}"},"query-input":"required name=search_term_string"}],"inLanguage":"es"},{"@type":"Person","@id":"https:\/\/www.vortal.biz\/pt-pt\/#\/schema\/person\/de007f49a9003cc0fec169585b65ddb2","name":"Helida Oliveira","image":{"@type":"ImageObject","inLanguage":"es","@id":"https:\/\/www.vortal.biz\/pt-pt\/#\/schema\/person\/image\/","url":"https:\/\/secure.gravatar.com\/avatar\/2485383d4ceb69bbd668ac515d6bdb03?s=96&d=mm&r=g","contentUrl":"https:\/\/secure.gravatar.com\/avatar\/2485383d4ceb69bbd668ac515d6bdb03?s=96&d=mm&r=g","caption":"Helida Oliveira"},"url":"https:\/\/www.vortal.biz\/es\/author\/helida-oliveira\/"}]}},"_links":{"self":[{"href":"https:\/\/www.vortal.biz\/es\/wp-json\/wp\/v2\/posts\/3629"}],"collection":[{"href":"https:\/\/www.vortal.biz\/es\/wp-json\/wp\/v2\/posts"}],"about":[{"href":"https:\/\/www.vortal.biz\/es\/wp-json\/wp\/v2\/types\/post"}],"author":[{"embeddable":true,"href":"https:\/\/www.vortal.biz\/es\/wp-json\/wp\/v2\/users\/5639"}],"replies":[{"embeddable":true,"href":"https:\/\/www.vortal.biz\/es\/wp-json\/wp\/v2\/comments?post=3629"}],"version-history":[{"count":0,"href":"https:\/\/www.vortal.biz\/es\/wp-json\/wp\/v2\/posts\/3629\/revisions"}],"wp:attachment":[{"href":"https:\/\/www.vortal.biz\/es\/wp-json\/wp\/v2\/media?parent=3629"}],"wp:term":[{"taxonomy":"category","embeddable":true,"href":"https:\/\/www.vortal.biz\/es\/wp-json\/wp\/v2\/categories?post=3629"},{"taxonomy":"post_tag","embeddable":true,"href":"https:\/\/www.vortal.biz\/es\/wp-json\/wp\/v2\/tags?post=3629"}],"curies":[{"name":"wp","href":"https:\/\/api.w.org\/{rel}","templated":true}]}}