{"id":3623,"date":"2017-10-05T19:21:23","date_gmt":"2017-10-05T19:21:23","guid":{"rendered":"https:\/\/pt.vortal.biz\/?p=3623"},"modified":"2021-01-30T19:25:06","modified_gmt":"2021-01-30T19:25:06","slug":"es-obligatoria-la-contratacion-publica-electronica-en-espana","status":"publish","type":"post","link":"https:\/\/www.vortal.biz\/es\/es-obligatoria-la-contratacion-publica-electronica-en-espana\/","title":{"rendered":"\u00bfEs obligatoria la contrataci\u00f3n p\u00fablica electr\u00f3nica en Espa\u00f1a?"},"content":{"rendered":"<p>El Proyecto de Ley de Contratos del Sector P\u00fablico, por el que se transponen al ordenamiento jur\u00eddico espa\u00f1ol las Directivas del Parlamento Europeo y del Consejo, 2014\/23\/UE y 2014\/24\/UE, de 26 de febrero de 2014 se prev\u00e9 que durante el mes de octubre sea publicado en el Bolet\u00edn Oficial del Estado y se convierta ya en ley, dando un plazo de cuatro meses para su entrada en vigor.<\/p>\n<p>Ya s\u00f3lo quedan unos meses para la entrada en vigor de la Nueva Ley de Contratos del Sector P\u00fablico que transpone las directivas de contrataci\u00f3n, y obligar\u00e1 a la utilizaci\u00f3n de la licitaci\u00f3n electr\u00f3nica en todos los tipos de procedimientos contemplados en la nueva ley (prevista aproximadamente para marzo del 2018). Por tanto, \u00bfcu\u00e1l es la principal novedad?<\/p>\n<p>La novedad no es que se regulen instrumentos o mecanismos electr\u00f3nicos en la contrataci\u00f3n p\u00fablica (que ya estaba regulado hace a\u00f1os en leyes como la Directiva 24\/2014, el Real Decreto 3\/2011 y la Ley de Procedimiento Administrativo 39\/2015.<\/p>\n<p>La gran novedad de la nueva Ley de Contratos de Sector P\u00fablico es que el procedimiento administrativo pasa a ser electr\u00f3nico S\u00cd o S\u00cd. Ahora hablamos de OBLIGATORIEDAD DE LA CONTRATACI\u00d3N ELECTR\u00d3NICA.<\/p>\n<p>Ya tenemos la regulaci\u00f3n y los mecanismos para licitar electr\u00f3nicamente, \u00bfpor qu\u00e9 esperar hasta el \u00faltimo minuto para hacerlo?<\/p>\n<p><a href=\"https:\/\/site.vortal.biz\/es\/demo-licitacion-electronica\/\" rel=\"noopener\" target=\"_blank\">Solicita una demo ahora ><\/a><br \/>\n<a href=\"https:\/\/nosoloaytos.wordpress.com\/2017\/07\/19\/toda-la-informacion-sobre-la-nueva-ley-de-contratos-del-sector-publico\/\" rel=\"noopener\" target=\"_blank\">Toda la informaci\u00f3n sobre la nueva Ley de Contratos del Sector P\u00fablico (actualizada) ><\/a><\/p>\n","protected":false},"excerpt":{"rendered":"<p>El Proyecto de Ley de Contratos del Sector P\u00fablico, por el que se transponen al ordenamiento jur\u00eddico espa\u00f1ol las Directivas del Parlamento Europeo y del [&hellip;]<\/p>\n","protected":false},"author":5639,"featured_media":0,"comment_status":"open","ping_status":"open","sticky":false,"template":"","format":"standard","meta":{"footnotes":""},"categories":[7],"tags":[],"yoast_head":"<!-- This site is optimized with the Yoast SEO plugin v22.3 - https:\/\/yoast.com\/wordpress\/plugins\/seo\/ -->\n<title>\u00bfEs obligatoria la contrataci\u00f3n p\u00fablica electr\u00f3nica en Espa\u00f1a? - VORTAL<\/title>\n<meta name=\"robots\" content=\"index, follow, max-snippet:-1, max-image-preview:large, max-video-preview:-1\" \/>\n<link rel=\"canonical\" href=\"https:\/\/www.vortal.biz\/es\/es-obligatoria-la-contratacion-publica-electronica-en-espana\/\" \/>\n<meta property=\"og:locale\" content=\"es_ES\" \/>\n<meta property=\"og:type\" content=\"article\" \/>\n<meta property=\"og:title\" content=\"\u00bfEs obligatoria la contrataci\u00f3n p\u00fablica electr\u00f3nica en Espa\u00f1a? - VORTAL\" \/>\n<meta property=\"og:description\" content=\"El Proyecto de Ley de Contratos del Sector P\u00fablico, por el que se transponen al ordenamiento jur\u00eddico espa\u00f1ol las Directivas del Parlamento Europeo y del [&hellip;]\" \/>\n<meta property=\"og:url\" content=\"https:\/\/www.vortal.biz\/es\/es-obligatoria-la-contratacion-publica-electronica-en-espana\/\" \/>\n<meta property=\"og:site_name\" content=\"VORTAL\" \/>\n<meta property=\"article:published_time\" content=\"2017-10-05T19:21:23+00:00\" \/>\n<meta property=\"article:modified_time\" content=\"2021-01-30T19:25:06+00:00\" \/>\n<meta name=\"author\" content=\"Helida Oliveira\" \/>\n<meta name=\"twitter:card\" content=\"summary_large_image\" \/>\n<meta name=\"twitter:label1\" content=\"Escrito por\" \/>\n\t<meta name=\"twitter:data1\" content=\"Helida Oliveira\" \/>\n\t<meta name=\"twitter:label2\" content=\"Tiempo de lectura\" \/>\n\t<meta name=\"twitter:data2\" content=\"1 minuto\" \/>\n<script type=\"application\/ld+json\" class=\"yoast-schema-graph\">{\"@context\":\"https:\/\/schema.org\",\"@graph\":[{\"@type\":\"WebPage\",\"@id\":\"https:\/\/www.vortal.biz\/es\/es-obligatoria-la-contratacion-publica-electronica-en-espana\/\",\"url\":\"https:\/\/www.vortal.biz\/es\/es-obligatoria-la-contratacion-publica-electronica-en-espana\/\",\"name\":\"\u00bfEs obligatoria la contrataci\u00f3n p\u00fablica electr\u00f3nica en Espa\u00f1a? - VORTAL\",\"isPartOf\":{\"@id\":\"https:\/\/www.vortal.biz\/pt-pt\/#website\"},\"datePublished\":\"2017-10-05T19:21:23+00:00\",\"dateModified\":\"2021-01-30T19:25:06+00:00\",\"author\":{\"@id\":\"https:\/\/www.vortal.biz\/pt-pt\/#\/schema\/person\/de007f49a9003cc0fec169585b65ddb2\"},\"breadcrumb\":{\"@id\":\"https:\/\/www.vortal.biz\/es\/es-obligatoria-la-contratacion-publica-electronica-en-espana\/#breadcrumb\"},\"inLanguage\":\"es\",\"potentialAction\":[{\"@type\":\"ReadAction\",\"target\":[\"https:\/\/www.vortal.biz\/es\/es-obligatoria-la-contratacion-publica-electronica-en-espana\/\"]}]},{\"@type\":\"BreadcrumbList\",\"@id\":\"https:\/\/www.vortal.biz\/es\/es-obligatoria-la-contratacion-publica-electronica-en-espana\/#breadcrumb\",\"itemListElement\":[{\"@type\":\"ListItem\",\"position\":1,\"name\":\"Home\",\"item\":\"https:\/\/www.vortal.biz\/es\/\"},{\"@type\":\"ListItem\",\"position\":2,\"name\":\"\u00bfEs obligatoria la contrataci\u00f3n p\u00fablica electr\u00f3nica en Espa\u00f1a?\"}]},{\"@type\":\"WebSite\",\"@id\":\"https:\/\/www.vortal.biz\/pt-pt\/#website\",\"url\":\"https:\/\/www.vortal.biz\/pt-pt\/\",\"name\":\"VORTAL\",\"description\":\"Connecting Business\",\"potentialAction\":[{\"@type\":\"SearchAction\",\"target\":{\"@type\":\"EntryPoint\",\"urlTemplate\":\"https:\/\/www.vortal.biz\/pt-pt\/?s={search_term_string}\"},\"query-input\":\"required name=search_term_string\"}],\"inLanguage\":\"es\"},{\"@type\":\"Person\",\"@id\":\"https:\/\/www.vortal.biz\/pt-pt\/#\/schema\/person\/de007f49a9003cc0fec169585b65ddb2\",\"name\":\"Helida Oliveira\",\"image\":{\"@type\":\"ImageObject\",\"inLanguage\":\"es\",\"@id\":\"https:\/\/www.vortal.biz\/pt-pt\/#\/schema\/person\/image\/\",\"url\":\"https:\/\/secure.gravatar.com\/avatar\/2485383d4ceb69bbd668ac515d6bdb03?s=96&d=mm&r=g\",\"contentUrl\":\"https:\/\/secure.gravatar.com\/avatar\/2485383d4ceb69bbd668ac515d6bdb03?s=96&d=mm&r=g\",\"caption\":\"Helida Oliveira\"},\"url\":\"https:\/\/www.vortal.biz\/es\/author\/helida-oliveira\/\"}]}<\/script>\n<!-- \/ Yoast SEO plugin. -->","yoast_head_json":{"title":"\u00bfEs obligatoria la contrataci\u00f3n p\u00fablica electr\u00f3nica en Espa\u00f1a? - VORTAL","robots":{"index":"index","follow":"follow","max-snippet":"max-snippet:-1","max-image-preview":"max-image-preview:large","max-video-preview":"max-video-preview:-1"},"canonical":"https:\/\/www.vortal.biz\/es\/es-obligatoria-la-contratacion-publica-electronica-en-espana\/","og_locale":"es_ES","og_type":"article","og_title":"\u00bfEs obligatoria la contrataci\u00f3n p\u00fablica electr\u00f3nica en Espa\u00f1a? - VORTAL","og_description":"El Proyecto de Ley de Contratos del Sector P\u00fablico, por el que se transponen al ordenamiento jur\u00eddico espa\u00f1ol las Directivas del Parlamento Europeo y del [&hellip;]","og_url":"https:\/\/www.vortal.biz\/es\/es-obligatoria-la-contratacion-publica-electronica-en-espana\/","og_site_name":"VORTAL","article_published_time":"2017-10-05T19:21:23+00:00","article_modified_time":"2021-01-30T19:25:06+00:00","author":"Helida Oliveira","twitter_card":"summary_large_image","twitter_misc":{"Escrito por":"Helida Oliveira","Tiempo de lectura":"1 minuto"},"schema":{"@context":"https:\/\/schema.org","@graph":[{"@type":"WebPage","@id":"https:\/\/www.vortal.biz\/es\/es-obligatoria-la-contratacion-publica-electronica-en-espana\/","url":"https:\/\/www.vortal.biz\/es\/es-obligatoria-la-contratacion-publica-electronica-en-espana\/","name":"\u00bfEs obligatoria la contrataci\u00f3n p\u00fablica electr\u00f3nica en Espa\u00f1a? - VORTAL","isPartOf":{"@id":"https:\/\/www.vortal.biz\/pt-pt\/#website"},"datePublished":"2017-10-05T19:21:23+00:00","dateModified":"2021-01-30T19:25:06+00:00","author":{"@id":"https:\/\/www.vortal.biz\/pt-pt\/#\/schema\/person\/de007f49a9003cc0fec169585b65ddb2"},"breadcrumb":{"@id":"https:\/\/www.vortal.biz\/es\/es-obligatoria-la-contratacion-publica-electronica-en-espana\/#breadcrumb"},"inLanguage":"es","potentialAction":[{"@type":"ReadAction","target":["https:\/\/www.vortal.biz\/es\/es-obligatoria-la-contratacion-publica-electronica-en-espana\/"]}]},{"@type":"BreadcrumbList","@id":"https:\/\/www.vortal.biz\/es\/es-obligatoria-la-contratacion-publica-electronica-en-espana\/#breadcrumb","itemListElement":[{"@type":"ListItem","position":1,"name":"Home","item":"https:\/\/www.vortal.biz\/es\/"},{"@type":"ListItem","position":2,"name":"\u00bfEs obligatoria la contrataci\u00f3n p\u00fablica electr\u00f3nica en Espa\u00f1a?"}]},{"@type":"WebSite","@id":"https:\/\/www.vortal.biz\/pt-pt\/#website","url":"https:\/\/www.vortal.biz\/pt-pt\/","name":"VORTAL","description":"Connecting Business","potentialAction":[{"@type":"SearchAction","target":{"@type":"EntryPoint","urlTemplate":"https:\/\/www.vortal.biz\/pt-pt\/?s={search_term_string}"},"query-input":"required name=search_term_string"}],"inLanguage":"es"},{"@type":"Person","@id":"https:\/\/www.vortal.biz\/pt-pt\/#\/schema\/person\/de007f49a9003cc0fec169585b65ddb2","name":"Helida Oliveira","image":{"@type":"ImageObject","inLanguage":"es","@id":"https:\/\/www.vortal.biz\/pt-pt\/#\/schema\/person\/image\/","url":"https:\/\/secure.gravatar.com\/avatar\/2485383d4ceb69bbd668ac515d6bdb03?s=96&d=mm&r=g","contentUrl":"https:\/\/secure.gravatar.com\/avatar\/2485383d4ceb69bbd668ac515d6bdb03?s=96&d=mm&r=g","caption":"Helida Oliveira"},"url":"https:\/\/www.vortal.biz\/es\/author\/helida-oliveira\/"}]}},"_links":{"self":[{"href":"https:\/\/www.vortal.biz\/es\/wp-json\/wp\/v2\/posts\/3623"}],"collection":[{"href":"https:\/\/www.vortal.biz\/es\/wp-json\/wp\/v2\/posts"}],"about":[{"href":"https:\/\/www.vortal.biz\/es\/wp-json\/wp\/v2\/types\/post"}],"author":[{"embeddable":true,"href":"https:\/\/www.vortal.biz\/es\/wp-json\/wp\/v2\/users\/5639"}],"replies":[{"embeddable":true,"href":"https:\/\/www.vortal.biz\/es\/wp-json\/wp\/v2\/comments?post=3623"}],"version-history":[{"count":0,"href":"https:\/\/www.vortal.biz\/es\/wp-json\/wp\/v2\/posts\/3623\/revisions"}],"wp:attachment":[{"href":"https:\/\/www.vortal.biz\/es\/wp-json\/wp\/v2\/media?parent=3623"}],"wp:term":[{"taxonomy":"category","embeddable":true,"href":"https:\/\/www.vortal.biz\/es\/wp-json\/wp\/v2\/categories?post=3623"},{"taxonomy":"post_tag","embeddable":true,"href":"https:\/\/www.vortal.biz\/es\/wp-json\/wp\/v2\/tags?post=3623"}],"curies":[{"name":"wp","href":"https:\/\/api.w.org\/{rel}","templated":true}]}}